{"id":9390,"date":"2021-02-24T09:59:23","date_gmt":"2021-02-24T08:59:23","guid":{"rendered":"https:\/\/blog.ptvgroup.com\/?p=9390"},"modified":"2024-12-03T13:28:36","modified_gmt":"2024-12-03T12:28:36","slug":"resilienz-der-verkehrsinfrastruktur-staerken","status":"publish","type":"post","link":"https:\/\/blog.ptvgroup.com\/de\/trendthemen\/resilienz-der-verkehrsinfrastruktur-staerken\/","title":{"rendered":"Forschung: Resilienz der Verkehrsinfrastruktur st\u00e4rken"},"content":{"rendered":"<div class=\"wpb-content-wrapper\"><p>[vc_row][vc_column][vc_column_text]Die Bilder gingen um die Welt, als im August 2018 nach einem Unwetter die Morandi-Autobahnbr\u00fccke in Genua einst\u00fcrzte. Das Ungl\u00fcck, das 43 Menschen das Leben kostete, zeigte deutlich, welch wichtige Rolle eine sichere und widerstandsf\u00e4hige Verkehrsinfrastruktur spielt. So misst die <a href=\"https:\/\/www.bmi.bund.de\/DE\/themen\/bevoelkerungsschutz\/schutz-kritischer-infrastrukturen\/schutz-kritischer-infrastrukturen-node.html\" target=\"_blank\" rel=\"noopener\">Bundesregierung<\/a> sowie die Europ\u00e4ische Kommission dem Schutz kritischer Verkehrsinfrastruktur h\u00f6chsten Stellenwert bei. Dabei liegt der Fokus aber nicht nur auf Pr\u00fcfsystemen, die den Zustand solch kritischer Bauwerke zum Beispiel in Bezug auf Alter und Abnutzung bewerten. Vielmehr liegt das Augenmerk darauf, die Resilienz der Verkehrsinfrastruktur gegen\u00fcber unvorhersehbaren Ereignissen insgesamt zu erh\u00f6hen. Wir haben im Interview mit Alexander Dahl aus dem PTV Research Team gesprochen, der aktuell in einem vom BMVI gef\u00f6rdert und von der <a href=\"https:\/\/www.bast.de\/BASt_2017\/DE\/Home\/home_node.html\" target=\"_blank\" rel=\"noopener\">Bundesanstalt f\u00fcr Stra\u00dfenwesen<\/a> (BASt) koordinierten Projekt zu diesem Thema forscht.<\/p>\n<h5>Resilienz scheint aktuell ein echter Modebegriff. Resilienz in Bezug auf Corona, in Sachen Klimawandel, resiliente St\u00e4dte \u2013 was bedeutet Resilienz in Sachen Stra\u00dfeninfrastruktur?<\/h5>\n<p><strong><em>Alexander:<\/em><\/strong> Neu ist der Begriff Resilienz im Verkehrssektor nicht. In der Forschungsabteilung besch\u00e4ftigen wir uns schon seit mindestens zehn Jahren mit diesem Themenfeld und haben viele spannende Projekte gemacht. Bei <a href=\"https:\/\/blog.ptvgroup.com\/de\/stadt-und-mobilitaet\/forschungsprojekt-uthreat\/\" target=\"_blank\" rel=\"noopener\">U-THREAT<\/a> zum Beispiel ging es um die Resilienz von U-Bahn-Systemen. Bei <a href=\"https:\/\/company.ptvgroup.com\/de\/about\/research\/research-projects\/skribt\" target=\"_blank\" rel=\"noopener\">Skribt<sup>Plus<\/sup><\/a> um den Schutz von kritischen Tunneln und Br\u00fccken.<\/p>\n<p>Im Prinzip besch\u00e4ftigt sich das Konzept der Resilienz damit, wie gut Verkehrsinfrastruktur Sch\u00e4den infolge disruptiver Ereignisse verkraften kann, bzw. wie eine schnelle Wiederinbetriebnahme erm\u00f6glicht werden kann. Wenn kritische Streckenelemente l\u00e4ngere Zeit nicht zur Verf\u00fcgung stehen, kann das schlie\u00dflich zu hohen volkswirtschaftlichen Kosten f\u00fchren. Wir haben in der Vergangenheit bereits einige Projekte wie <a href=\"https:\/\/company.ptvgroup.com\/de\/about\/research\/research-projects\/ritun\" target=\"_blank\" rel=\"noopener\">RITUN<\/a> bearbeitet, um die H\u00f6he dieser Kosten auf der Basis von Visum und Validate zu quantifizieren.[\/vc_column_text][\/vc_column][\/vc_row][vc_row][vc_column width=&#8221;1\/2&#8243;][vc_single_image image=&#8221;9411&#8243; img_size=&#8221;500&#215;300&#8243; add_caption=&#8221;yes&#8221;][\/vc_column][vc_column width=&#8221;1\/2&#8243;][vc_column_text]<\/p>\n<h5>Von was f\u00fcr disruptiven Ereignissen reden wir da?<\/h5>\n<p><strong><em>Alexander:<\/em><\/strong> Es geht um Ereignisse, die unvorhersehbar sind und damit auch ein St\u00fcck weit selten auftreten, etwa bedingt durch Naturereignisse, menschliche Einwirkungen oder technisches Versagen. Nehmen wir zum Beispiel den Unfall eines Tanklasters mit hochbrennbaren Materialien im Tunnel, terroristische Anschl\u00e4ge oder extreme Wetterereignisse, wie Starkwinde an Br\u00fccken oder Hangrutschungen als Folge von Dauerregen.[\/vc_column_text][\/vc_column][\/vc_row][vc_row][vc_column][vc_column_text]<\/p>\n<h5>Du arbeitest aktuell gemeinsam mit dem Schweizer Beratungsunternehmen EBP Schweiz AG an dem durch das BMVI gef\u00f6rderten Projekt FE69.0005 \u201eOptimierung und Weiterentwicklung von Handlungshilfen zur Resilienzbewertung der Verkehrsinfrastruktur\u201c. Auftraggeber und Initiator des Projektes ist die BASt. Um was geht es in dem Projekt?<\/h5>\n<p><strong><em>Alexander:<\/em><\/strong> Ziel des Projektes ist es, Praxisanwender*innen wie Baulasttr\u00e4gern oder den Stra\u00dfenbauverwaltungen ein Softwaretool an die Hand zu geben, um die Resilienz der Verkehrsinfrastruktur selbst einzusch\u00e4tzen.<\/p>\n<p>Das Tool soll Analysen erm\u00f6glichen, wie resilient ein ganz konkreter Streckenabschnitt gegen\u00fcber verschiedensten, disruptiven Ereignissen ist und geeignete Ma\u00dfnahmen aufzeigen, um die Resilienz gezielt zu erh\u00f6hen. Das hei\u00dft, die Gef\u00e4hrdung abzuwehren, sich bestm\u00f6glich anzupassen oder ggf. schnell zu erholen.[\/vc_column_text][\/vc_column][\/vc_row][vc_row][vc_column width=&#8221;1\/2&#8243;][vc_column_text]Ein erstes Konzept sowie ein Prototyp des Tools zur Umsetzung der Methodik wurde von der EBP bereits in einem Vorg\u00e4ngerprojekt entwickelt. Jetzt geht es darum, sie methodisch weiterzuentwickeln, den Anwendungsbereich und die Ma\u00dfnahmen auszuweiten. Aktuell ist das Tool auf das Fernstra\u00dfennetz beschr\u00e4nkt, irgendwann sollen zum Beispiel auch die Verkehrstr\u00e4ger Schiene und Wasser einbezogen werden.<\/p>\n<h5>Kannst du ein Beispiel nennen, wie solch eine Analyse aussehen kann?<\/h5>\n<p><strong><em>Alexander<\/em><\/strong>: Nehmen wir das Beispiel Br\u00fccke und Starkwind. Was passiert, wenn an dieser Br\u00fccke ein Starkwind auftritt? Ist sie stark genug, um damit umzugehen? Oder k\u00f6nnte sie in starke Schwingung geraten und abst\u00fcrzen? Besteht Gefahr f\u00fcr Verkehrsteilnehmer*innen? K\u00f6nnte ein Fahrzeug zum Beispiel von der Br\u00fccke geweht werden? Muss sie im Fall eines solchen Ereignisses gesperrt werden?<\/p>\n<p>Ma\u00dfnahmen k\u00f6nnen dann sowohl infrastrukturell, also das Bauwerk selbst betreffend, als auch organisatorisch oder betrieblich sein. Wie zum Beispiel sehen Notfallpl\u00e4ne aus, wenn die Br\u00fccke gesperrt werden muss? Welche Umfahrungsm\u00f6glichkeiten gibt es? Muss vorab schon ein System von Umleitungsstrecken, wie wir es von Autobahnen kennen, f\u00fcr den Notfall definiert und beschildert sein?[\/vc_column_text][\/vc_column][vc_column width=&#8221;1\/2&#8243;][vc_empty_space height=&#8221;78px&#8221;][vc_single_image image=&#8221;9391&#8243; img_size=&#8221;500&#215;500&#8243; add_caption=&#8221;yes&#8221;][\/vc_column][\/vc_row][vc_row][vc_column][vc_column_text]<\/p>\n<h5>Das Tool richtet sich also haupts\u00e4chlich auf die Bewertung von Br\u00fccken und Tunneln?<\/h5>\n<p><strong><em>Alexander:<\/em><\/strong> Tunnel und Br\u00fccken geh\u00f6ren nat\u00fcrlich zur besonders kritische Verkehrsinfrastruktur und stehen deshalb im Fokus. Ein brennender Lkw mit Gefahrgut ist nat\u00fcrlich im Tunnel viel gef\u00e4hrlicher als auf der freien Strecke. Aber auch auf freien Streckenabschnitten k\u00f6nnen Probleme auftreten. \u00dcberschwemmungen durch Starkregen zum Beispiel oder ein Hangrutsch. Erst im letzten Sommer musst die <a href=\"https:\/\/www.merkur.de\/bayern\/unwetter-bayern-a8-autobahn-stau-sperrung-wetter-muenchen-rosenheim-salzburg-ueberschwemmung-zr-90017371.html\" target=\"_blank\" rel=\"noopener\">A8 bei Rosenheim<\/a> wegen \u00dcberflutung nach starken Regenf\u00e4llen gesperrt werden. Gerade solche Extremwetterereignisse werden durch den Klimawandel weiter zunehmen. Umso wichtiger sind Konzepte, um die Resilienz zu erh\u00f6hen.[\/vc_column_text][\/vc_column][\/vc_row][vc_row][vc_column][vc_cta h2=&#8221;&#8221; shape=&#8221;square&#8221; style=&#8221;flat&#8221; color=&#8221;black&#8221; add_button=&#8221;bottom&#8221; btn_title=&#8221;Mehr erfahren&#8221; btn_style=&#8221;flat&#8221; btn_shape=&#8221;square&#8221; btn_color=&#8221;white&#8221; btn_link=&#8221;url:https%3A%2F%2Fcompany.ptvgroup.com%2Fde%2Fueber-ptv-group%2Fforschung|target:_blank&#8221;]<\/p>\n<h2>Forschung bei der PTV Group<\/h2>\n<p>Die PTV Group engagiert sich in nationalen und internationalen Forschungsprojekten, um in interdisziplin\u00e4ren Teams Konzepte, Strategien und Modelle f\u00fcr den Verkehr von Morgen zu entwickeln.[\/vc_cta][\/vc_column][\/vc_row]<\/p>\n<\/div>","protected":false},"excerpt":{"rendered":"<p class=\"card-text\">Wie l\u00e4sst sich die Resilienz der Verkehrsinfrastruktur gegen\u00fcber unvorhersehbaren Ereignissen st\u00e4rken? Ein aktuelles Forschungsprojekt besch\u00e4ftigt sich mit dieser Frage.  [&#8230;]<\/p>\n<p class=\"m-0\"><a class=\"btn btn-outline-secondary btn-read-more\" href=\"https:\/\/blog.ptvgroup.com\/de\/trendthemen\/resilienz-der-verkehrsinfrastruktur-staerken\/\">Weiterlesen<\/a><\/p>\n","protected":false},"author":13,"featured_media":9399,"comment_status":"open","ping_status":"closed","sticky":false,"template":"","format":"standard","meta":{"footnotes":""},"categories":[8336],"tags":[8352],"ppma_author":[8266],"class_list":["post-9390","post","type-post","status-publish","format-standard","has-post-thumbnail","hentry","category-trendthemen","tag-verkehrsinfrastruktur"],"yoast_head":"<!-- This site is optimized with the Yoast SEO Premium plugin v27.0 (Yoast SEO v27.4) - https:\/\/yoast.com\/product\/yoast-seo-premium-wordpress\/ -->\n<title>Resilienz der Verkehrsinfrastruktur st\u00e4rken | PTV Blog<\/title>\n<meta name=\"description\" content=\"Wie l\u00e4sst sich die Resilienz der Verkehrsinfrastruktur gegen\u00fcber unvorhersehbaren Ereignissen st\u00e4rken? Dazu gibt es Neues aus der Forschung.\" \/>\n<meta name=\"robots\" content=\"index, follow, max-snippet:-1, max-image-preview:large, max-video-preview:-1\" \/>\n<link rel=\"canonical\" href=\"https:\/\/blog.ptvgroup.com\/de\/trendthemen\/resilienz-der-verkehrsinfrastruktur-staerken\/\" \/>\n<meta property=\"og:locale\" content=\"de_DE\" \/>\n<meta property=\"og:type\" content=\"article\" \/>\n<meta property=\"og:title\" content=\"Forschung: Resilienz der Verkehrsinfrastruktur st\u00e4rken\" \/>\n<meta property=\"og:description\" content=\"Wie l\u00e4sst sich die Resilienz der Verkehrsinfrastruktur gegen\u00fcber unvorhersehbaren Ereignissen st\u00e4rken? Dazu gibt es Neues aus der Forschung.\" \/>\n<meta property=\"og:url\" content=\"https:\/\/blog.ptvgroup.com\/de\/trendthemen\/resilienz-der-verkehrsinfrastruktur-staerken\/\" \/>\n<meta property=\"og:site_name\" content=\"PTV Blog\" \/>\n<meta property=\"article:publisher\" content=\"https:\/\/www.facebook.com\/PTVGroupGlobal\/\" \/>\n<meta property=\"article:published_time\" content=\"2021-02-24T08:59:23+00:00\" \/>\n<meta property=\"article:modified_time\" content=\"2024-12-03T12:28:36+00:00\" \/>\n<meta property=\"og:image\" content=\"https:\/\/blog.ptvgroup.com\/wp-content\/uploads\/2021\/02\/Bridge.jpg\" \/>\n\t<meta property=\"og:image:width\" content=\"1025\" \/>\n\t<meta property=\"og:image:height\" content=\"577\" \/>\n\t<meta property=\"og:image:type\" content=\"image\/jpeg\" \/>\n<meta name=\"author\" content=\"Stefanie Schmidt\" \/>\n<meta name=\"twitter:card\" content=\"summary_large_image\" \/>\n<meta name=\"twitter:label1\" content=\"Verfasst von\" \/>\n\t<meta name=\"twitter:data1\" content=\"Stefanie Schmidt\" \/>\n\t<meta name=\"twitter:label2\" content=\"Gesch\u00e4tzte Lesezeit\" \/>\n\t<meta name=\"twitter:data2\" content=\"5\u00a0Minuten\" \/>\n<script type=\"application\/ld+json\" class=\"yoast-schema-graph\">{\"@context\":\"https:\\\/\\\/schema.org\",\"@graph\":[{\"@type\":\"Article\",\"@id\":\"https:\\\/\\\/blog.ptvgroup.com\\\/de\\\/trendthemen\\\/resilienz-der-verkehrsinfrastruktur-staerken\\\/#article\",\"isPartOf\":{\"@id\":\"https:\\\/\\\/blog.ptvgroup.com\\\/de\\\/trendthemen\\\/resilienz-der-verkehrsinfrastruktur-staerken\\\/\"},\"author\":{\"name\":\"Stefanie Schmidt\",\"@id\":\"https:\\\/\\\/blog.ptvgroup.com\\\/de\\\/#\\\/schema\\\/person\\\/01208bd7993998162da7dfccc5431421\"},\"headline\":\"Forschung: Resilienz der Verkehrsinfrastruktur st\u00e4rken\",\"datePublished\":\"2021-02-24T08:59:23+00:00\",\"dateModified\":\"2024-12-03T12:28:36+00:00\",\"mainEntityOfPage\":{\"@id\":\"https:\\\/\\\/blog.ptvgroup.com\\\/de\\\/trendthemen\\\/resilienz-der-verkehrsinfrastruktur-staerken\\\/\"},\"wordCount\":961,\"commentCount\":0,\"publisher\":{\"@id\":\"https:\\\/\\\/blog.ptvgroup.com\\\/de\\\/#organization\"},\"image\":{\"@id\":\"https:\\\/\\\/blog.ptvgroup.com\\\/de\\\/trendthemen\\\/resilienz-der-verkehrsinfrastruktur-staerken\\\/#primaryimage\"},\"thumbnailUrl\":\"https:\\\/\\\/blog.ptvgroup.com\\\/wp-content\\\/uploads\\\/2021\\\/02\\\/Bridge.jpg\",\"keywords\":[\"Verkehrsinfrastruktur\"],\"articleSection\":[\"Trendthemen\"],\"inLanguage\":\"de\",\"potentialAction\":[{\"@type\":\"CommentAction\",\"name\":\"Comment\",\"target\":[\"https:\\\/\\\/blog.ptvgroup.com\\\/de\\\/trendthemen\\\/resilienz-der-verkehrsinfrastruktur-staerken\\\/#respond\"]}]},{\"@type\":\"WebPage\",\"@id\":\"https:\\\/\\\/blog.ptvgroup.com\\\/de\\\/trendthemen\\\/resilienz-der-verkehrsinfrastruktur-staerken\\\/\",\"url\":\"https:\\\/\\\/blog.ptvgroup.com\\\/de\\\/trendthemen\\\/resilienz-der-verkehrsinfrastruktur-staerken\\\/\",\"name\":\"Resilienz der Verkehrsinfrastruktur st\u00e4rken | PTV Blog\",\"isPartOf\":{\"@id\":\"https:\\\/\\\/blog.ptvgroup.com\\\/de\\\/#website\"},\"primaryImageOfPage\":{\"@id\":\"https:\\\/\\\/blog.ptvgroup.com\\\/de\\\/trendthemen\\\/resilienz-der-verkehrsinfrastruktur-staerken\\\/#primaryimage\"},\"image\":{\"@id\":\"https:\\\/\\\/blog.ptvgroup.com\\\/de\\\/trendthemen\\\/resilienz-der-verkehrsinfrastruktur-staerken\\\/#primaryimage\"},\"thumbnailUrl\":\"https:\\\/\\\/blog.ptvgroup.com\\\/wp-content\\\/uploads\\\/2021\\\/02\\\/Bridge.jpg\",\"datePublished\":\"2021-02-24T08:59:23+00:00\",\"dateModified\":\"2024-12-03T12:28:36+00:00\",\"description\":\"Wie l\u00e4sst sich die Resilienz der Verkehrsinfrastruktur gegen\u00fcber unvorhersehbaren Ereignissen st\u00e4rken? Dazu gibt es Neues aus der Forschung.\",\"breadcrumb\":{\"@id\":\"https:\\\/\\\/blog.ptvgroup.com\\\/de\\\/trendthemen\\\/resilienz-der-verkehrsinfrastruktur-staerken\\\/#breadcrumb\"},\"inLanguage\":\"de\",\"potentialAction\":[{\"@type\":\"ReadAction\",\"target\":[\"https:\\\/\\\/blog.ptvgroup.com\\\/de\\\/trendthemen\\\/resilienz-der-verkehrsinfrastruktur-staerken\\\/\"]}]},{\"@type\":\"ImageObject\",\"inLanguage\":\"de\",\"@id\":\"https:\\\/\\\/blog.ptvgroup.com\\\/de\\\/trendthemen\\\/resilienz-der-verkehrsinfrastruktur-staerken\\\/#primaryimage\",\"url\":\"https:\\\/\\\/blog.ptvgroup.com\\\/wp-content\\\/uploads\\\/2021\\\/02\\\/Bridge.jpg\",\"contentUrl\":\"https:\\\/\\\/blog.ptvgroup.com\\\/wp-content\\\/uploads\\\/2021\\\/02\\\/Bridge.jpg\",\"width\":1025,\"height\":577,\"caption\":\"Br\u00fccken und Tunnel stehen h\u00e4ufig im Fokus, wenn es um die Resilienz von Verkehrsinfrastruktur geht.\"},{\"@type\":\"BreadcrumbList\",\"@id\":\"https:\\\/\\\/blog.ptvgroup.com\\\/de\\\/trendthemen\\\/resilienz-der-verkehrsinfrastruktur-staerken\\\/#breadcrumb\",\"itemListElement\":[{\"@type\":\"ListItem\",\"position\":1,\"name\":\"Startseite\",\"item\":\"https:\\\/\\\/blog.ptvgroup.com\\\/de\\\/\"},{\"@type\":\"ListItem\",\"position\":2,\"name\":\"Forschung: Resilienz der Verkehrsinfrastruktur st\u00e4rken\"}]},{\"@type\":\"WebSite\",\"@id\":\"https:\\\/\\\/blog.ptvgroup.com\\\/de\\\/#website\",\"url\":\"https:\\\/\\\/blog.ptvgroup.com\\\/de\\\/\",\"name\":\"PTV Blog\",\"description\":\"Explore with us how technology drives the future of mobility toward a cleaner, smarter, and safer world.\",\"publisher\":{\"@id\":\"https:\\\/\\\/blog.ptvgroup.com\\\/de\\\/#organization\"},\"potentialAction\":[{\"@type\":\"SearchAction\",\"target\":{\"@type\":\"EntryPoint\",\"urlTemplate\":\"https:\\\/\\\/blog.ptvgroup.com\\\/de\\\/?s={search_term_string}\"},\"query-input\":{\"@type\":\"PropertyValueSpecification\",\"valueRequired\":true,\"valueName\":\"search_term_string\"}}],\"inLanguage\":\"de\"},{\"@type\":\"Organization\",\"@id\":\"https:\\\/\\\/blog.ptvgroup.com\\\/de\\\/#organization\",\"name\":\"PTV Group\",\"url\":\"https:\\\/\\\/blog.ptvgroup.com\\\/de\\\/\",\"logo\":{\"@type\":\"ImageObject\",\"inLanguage\":\"de\",\"@id\":\"https:\\\/\\\/blog.ptvgroup.com\\\/de\\\/#\\\/schema\\\/logo\\\/image\\\/\",\"url\":\"https:\\\/\\\/blog.ptvgroup.com\\\/wp-content\\\/uploads\\\/2021\\\/11\\\/PTV_Group_Logo_black.jpg\",\"contentUrl\":\"https:\\\/\\\/blog.ptvgroup.com\\\/wp-content\\\/uploads\\\/2021\\\/11\\\/PTV_Group_Logo_black.jpg\",\"width\":1598,\"height\":362,\"caption\":\"PTV Group\"},\"image\":{\"@id\":\"https:\\\/\\\/blog.ptvgroup.com\\\/de\\\/#\\\/schema\\\/logo\\\/image\\\/\"},\"sameAs\":[\"https:\\\/\\\/www.facebook.com\\\/PTVGroupGlobal\\\/\",\"https:\\\/\\\/www.instagram.com\\\/ptv_group\\\/\",\"https:\\\/\\\/www.linkedin.com\\\/company\\\/ptv\\\/\",\"https:\\\/\\\/www.youtube.com\\\/user\\\/ThePTVGroup\",\"https:\\\/\\\/www.tiktok.com\\\/@ptv_group\\\/\"],\"description\":\"Our goal is to drive the future of mobility toward a cleaner, smarter, and safer world. With a legacy spanning over 40 years as a leading global software company for traffic planning, simulation, and real-time management, we have garnered extensive experience in the field of mobility.\",\"email\":\"info@ptvgroup.com\",\"telephone\":\"+49 721 9651-0\",\"legalName\":\"PTV Planung Transport Verkehr GmbH\",\"foundingDate\":\"1979-01-01\",\"vatID\":\"Umsatzsteuer-Identifikationsnummer gem\u00e4\u00df \u00a7 27a Umsatzsteuergesetz (UStG): DE 812 666 053\",\"numberOfEmployees\":{\"@type\":\"QuantitativeValue\",\"minValue\":\"201\",\"maxValue\":\"500\"}},{\"@type\":\"Person\",\"@id\":\"https:\\\/\\\/blog.ptvgroup.com\\\/de\\\/#\\\/schema\\\/person\\\/01208bd7993998162da7dfccc5431421\",\"name\":\"Stefanie Schmidt\",\"image\":{\"@type\":\"ImageObject\",\"inLanguage\":\"de\",\"@id\":\"https:\\\/\\\/secure.gravatar.com\\\/avatar\\\/03f4afe93d67a34b3645a3a7ec1a9c167d1bfb5ecf6d1e49794a1d09fd6108ff?s=96&d=blank&r=g2be7e52f46e7f47592a73f21f40a9e34\",\"url\":\"https:\\\/\\\/secure.gravatar.com\\\/avatar\\\/03f4afe93d67a34b3645a3a7ec1a9c167d1bfb5ecf6d1e49794a1d09fd6108ff?s=96&d=blank&r=g\",\"contentUrl\":\"https:\\\/\\\/secure.gravatar.com\\\/avatar\\\/03f4afe93d67a34b3645a3a7ec1a9c167d1bfb5ecf6d1e49794a1d09fd6108ff?s=96&d=blank&r=g\",\"caption\":\"Stefanie Schmidt\"},\"description\":\"Sustainable mobility, including cycling, autonomous driving, road safety, and innovative technologies, captivates Steffi's interest for diverse writing\",\"url\":\"https:\\\/\\\/blog.ptvgroup.com\\\/de\\\/author\\\/stefanie-schmidt\\\/\"}]}<\/script>\n<!-- \/ Yoast SEO Premium plugin. -->","yoast_head_json":{"title":"Resilienz der Verkehrsinfrastruktur st\u00e4rken | PTV Blog","description":"Wie l\u00e4sst sich die Resilienz der Verkehrsinfrastruktur gegen\u00fcber unvorhersehbaren Ereignissen st\u00e4rken? Dazu gibt es Neues aus der Forschung.","robots":{"index":"index","follow":"follow","max-snippet":"max-snippet:-1","max-image-preview":"max-image-preview:large","max-video-preview":"max-video-preview:-1"},"canonical":"https:\/\/blog.ptvgroup.com\/de\/trendthemen\/resilienz-der-verkehrsinfrastruktur-staerken\/","og_locale":"de_DE","og_type":"article","og_title":"Forschung: Resilienz der Verkehrsinfrastruktur st\u00e4rken","og_description":"Wie l\u00e4sst sich die Resilienz der Verkehrsinfrastruktur gegen\u00fcber unvorhersehbaren Ereignissen st\u00e4rken? Dazu gibt es Neues aus der Forschung.","og_url":"https:\/\/blog.ptvgroup.com\/de\/trendthemen\/resilienz-der-verkehrsinfrastruktur-staerken\/","og_site_name":"PTV Blog","article_publisher":"https:\/\/www.facebook.com\/PTVGroupGlobal\/","article_published_time":"2021-02-24T08:59:23+00:00","article_modified_time":"2024-12-03T12:28:36+00:00","og_image":[{"width":1025,"height":577,"url":"https:\/\/blog.ptvgroup.com\/wp-content\/uploads\/2021\/02\/Bridge.jpg","type":"image\/jpeg"}],"author":"Stefanie Schmidt","twitter_card":"summary_large_image","twitter_misc":{"Verfasst von":"Stefanie Schmidt","Gesch\u00e4tzte Lesezeit":"5\u00a0Minuten"},"schema":{"@context":"https:\/\/schema.org","@graph":[{"@type":"Article","@id":"https:\/\/blog.ptvgroup.com\/de\/trendthemen\/resilienz-der-verkehrsinfrastruktur-staerken\/#article","isPartOf":{"@id":"https:\/\/blog.ptvgroup.com\/de\/trendthemen\/resilienz-der-verkehrsinfrastruktur-staerken\/"},"author":{"name":"Stefanie Schmidt","@id":"https:\/\/blog.ptvgroup.com\/de\/#\/schema\/person\/01208bd7993998162da7dfccc5431421"},"headline":"Forschung: Resilienz der Verkehrsinfrastruktur st\u00e4rken","datePublished":"2021-02-24T08:59:23+00:00","dateModified":"2024-12-03T12:28:36+00:00","mainEntityOfPage":{"@id":"https:\/\/blog.ptvgroup.com\/de\/trendthemen\/resilienz-der-verkehrsinfrastruktur-staerken\/"},"wordCount":961,"commentCount":0,"publisher":{"@id":"https:\/\/blog.ptvgroup.com\/de\/#organization"},"image":{"@id":"https:\/\/blog.ptvgroup.com\/de\/trendthemen\/resilienz-der-verkehrsinfrastruktur-staerken\/#primaryimage"},"thumbnailUrl":"https:\/\/blog.ptvgroup.com\/wp-content\/uploads\/2021\/02\/Bridge.jpg","keywords":["Verkehrsinfrastruktur"],"articleSection":["Trendthemen"],"inLanguage":"de","potentialAction":[{"@type":"CommentAction","name":"Comment","target":["https:\/\/blog.ptvgroup.com\/de\/trendthemen\/resilienz-der-verkehrsinfrastruktur-staerken\/#respond"]}]},{"@type":"WebPage","@id":"https:\/\/blog.ptvgroup.com\/de\/trendthemen\/resilienz-der-verkehrsinfrastruktur-staerken\/","url":"https:\/\/blog.ptvgroup.com\/de\/trendthemen\/resilienz-der-verkehrsinfrastruktur-staerken\/","name":"Resilienz der Verkehrsinfrastruktur st\u00e4rken | PTV Blog","isPartOf":{"@id":"https:\/\/blog.ptvgroup.com\/de\/#website"},"primaryImageOfPage":{"@id":"https:\/\/blog.ptvgroup.com\/de\/trendthemen\/resilienz-der-verkehrsinfrastruktur-staerken\/#primaryimage"},"image":{"@id":"https:\/\/blog.ptvgroup.com\/de\/trendthemen\/resilienz-der-verkehrsinfrastruktur-staerken\/#primaryimage"},"thumbnailUrl":"https:\/\/blog.ptvgroup.com\/wp-content\/uploads\/2021\/02\/Bridge.jpg","datePublished":"2021-02-24T08:59:23+00:00","dateModified":"2024-12-03T12:28:36+00:00","description":"Wie l\u00e4sst sich die Resilienz der Verkehrsinfrastruktur gegen\u00fcber unvorhersehbaren Ereignissen st\u00e4rken? Dazu gibt es Neues aus der Forschung.","breadcrumb":{"@id":"https:\/\/blog.ptvgroup.com\/de\/trendthemen\/resilienz-der-verkehrsinfrastruktur-staerken\/#breadcrumb"},"inLanguage":"de","potentialAction":[{"@type":"ReadAction","target":["https:\/\/blog.ptvgroup.com\/de\/trendthemen\/resilienz-der-verkehrsinfrastruktur-staerken\/"]}]},{"@type":"ImageObject","inLanguage":"de","@id":"https:\/\/blog.ptvgroup.com\/de\/trendthemen\/resilienz-der-verkehrsinfrastruktur-staerken\/#primaryimage","url":"https:\/\/blog.ptvgroup.com\/wp-content\/uploads\/2021\/02\/Bridge.jpg","contentUrl":"https:\/\/blog.ptvgroup.com\/wp-content\/uploads\/2021\/02\/Bridge.jpg","width":1025,"height":577,"caption":"Br\u00fccken und Tunnel stehen h\u00e4ufig im Fokus, wenn es um die Resilienz von Verkehrsinfrastruktur geht."},{"@type":"BreadcrumbList","@id":"https:\/\/blog.ptvgroup.com\/de\/trendthemen\/resilienz-der-verkehrsinfrastruktur-staerken\/#breadcrumb","itemListElement":[{"@type":"ListItem","position":1,"name":"Startseite","item":"https:\/\/blog.ptvgroup.com\/de\/"},{"@type":"ListItem","position":2,"name":"Forschung: Resilienz der Verkehrsinfrastruktur st\u00e4rken"}]},{"@type":"WebSite","@id":"https:\/\/blog.ptvgroup.com\/de\/#website","url":"https:\/\/blog.ptvgroup.com\/de\/","name":"PTV Blog","description":"Explore with us how technology drives the future of mobility toward a cleaner, smarter, and safer world.","publisher":{"@id":"https:\/\/blog.ptvgroup.com\/de\/#organization"},"potentialAction":[{"@type":"SearchAction","target":{"@type":"EntryPoint","urlTemplate":"https:\/\/blog.ptvgroup.com\/de\/?s={search_term_string}"},"query-input":{"@type":"PropertyValueSpecification","valueRequired":true,"valueName":"search_term_string"}}],"inLanguage":"de"},{"@type":"Organization","@id":"https:\/\/blog.ptvgroup.com\/de\/#organization","name":"PTV Group","url":"https:\/\/blog.ptvgroup.com\/de\/","logo":{"@type":"ImageObject","inLanguage":"de","@id":"https:\/\/blog.ptvgroup.com\/de\/#\/schema\/logo\/image\/","url":"https:\/\/blog.ptvgroup.com\/wp-content\/uploads\/2021\/11\/PTV_Group_Logo_black.jpg","contentUrl":"https:\/\/blog.ptvgroup.com\/wp-content\/uploads\/2021\/11\/PTV_Group_Logo_black.jpg","width":1598,"height":362,"caption":"PTV Group"},"image":{"@id":"https:\/\/blog.ptvgroup.com\/de\/#\/schema\/logo\/image\/"},"sameAs":["https:\/\/www.facebook.com\/PTVGroupGlobal\/","https:\/\/www.instagram.com\/ptv_group\/","https:\/\/www.linkedin.com\/company\/ptv\/","https:\/\/www.youtube.com\/user\/ThePTVGroup","https:\/\/www.tiktok.com\/@ptv_group\/"],"description":"Our goal is to drive the future of mobility toward a cleaner, smarter, and safer world. With a legacy spanning over 40 years as a leading global software company for traffic planning, simulation, and real-time management, we have garnered extensive experience in the field of mobility.","email":"info@ptvgroup.com","telephone":"+49 721 9651-0","legalName":"PTV Planung Transport Verkehr GmbH","foundingDate":"1979-01-01","vatID":"Umsatzsteuer-Identifikationsnummer gem\u00e4\u00df \u00a7 27a Umsatzsteuergesetz (UStG): DE 812 666 053","numberOfEmployees":{"@type":"QuantitativeValue","minValue":"201","maxValue":"500"}},{"@type":"Person","@id":"https:\/\/blog.ptvgroup.com\/de\/#\/schema\/person\/01208bd7993998162da7dfccc5431421","name":"Stefanie Schmidt","image":{"@type":"ImageObject","inLanguage":"de","@id":"https:\/\/secure.gravatar.com\/avatar\/03f4afe93d67a34b3645a3a7ec1a9c167d1bfb5ecf6d1e49794a1d09fd6108ff?s=96&d=blank&r=g2be7e52f46e7f47592a73f21f40a9e34","url":"https:\/\/secure.gravatar.com\/avatar\/03f4afe93d67a34b3645a3a7ec1a9c167d1bfb5ecf6d1e49794a1d09fd6108ff?s=96&d=blank&r=g","contentUrl":"https:\/\/secure.gravatar.com\/avatar\/03f4afe93d67a34b3645a3a7ec1a9c167d1bfb5ecf6d1e49794a1d09fd6108ff?s=96&d=blank&r=g","caption":"Stefanie Schmidt"},"description":"Sustainable mobility, including cycling, autonomous driving, road safety, and innovative technologies, captivates Steffi's interest for diverse writing","url":"https:\/\/blog.ptvgroup.com\/de\/author\/stefanie-schmidt\/"}]}},"authors":[{"term_id":8266,"user_id":13,"is_guest":0,"slug":"stefanie-schmidt","display_name":"Stefanie Schmidt","avatar_url":"https:\/\/secure.gravatar.com\/avatar\/03f4afe93d67a34b3645a3a7ec1a9c167d1bfb5ecf6d1e49794a1d09fd6108ff?s=96&d=blank&r=g","0":null,"1":"","2":"","3":"","4":"","5":"","6":"","7":"","8":""}],"_links":{"self":[{"href":"https:\/\/blog.ptvgroup.com\/de\/wp-json\/wp\/v2\/posts\/9390","targetHints":{"allow":["GET"]}}],"collection":[{"href":"https:\/\/blog.ptvgroup.com\/de\/wp-json\/wp\/v2\/posts"}],"about":[{"href":"https:\/\/blog.ptvgroup.com\/de\/wp-json\/wp\/v2\/types\/post"}],"author":[{"embeddable":true,"href":"https:\/\/blog.ptvgroup.com\/de\/wp-json\/wp\/v2\/users\/13"}],"replies":[{"embeddable":true,"href":"https:\/\/blog.ptvgroup.com\/de\/wp-json\/wp\/v2\/comments?post=9390"}],"version-history":[{"count":7,"href":"https:\/\/blog.ptvgroup.com\/de\/wp-json\/wp\/v2\/posts\/9390\/revisions"}],"predecessor-version":[{"id":9421,"href":"https:\/\/blog.ptvgroup.com\/de\/wp-json\/wp\/v2\/posts\/9390\/revisions\/9421"}],"wp:featuredmedia":[{"embeddable":true,"href":"https:\/\/blog.ptvgroup.com\/de\/wp-json\/wp\/v2\/media\/9399"}],"wp:attachment":[{"href":"https:\/\/blog.ptvgroup.com\/de\/wp-json\/wp\/v2\/media?parent=9390"}],"wp:term":[{"taxonomy":"category","embeddable":true,"href":"https:\/\/blog.ptvgroup.com\/de\/wp-json\/wp\/v2\/categories?post=9390"},{"taxonomy":"post_tag","embeddable":true,"href":"https:\/\/blog.ptvgroup.com\/de\/wp-json\/wp\/v2\/tags?post=9390"},{"taxonomy":"author","embeddable":true,"href":"https:\/\/blog.ptvgroup.com\/de\/wp-json\/wp\/v2\/ppma_author?post=9390"}],"curies":[{"name":"wp","href":"https:\/\/api.w.org\/{rel}","templated":true}]}}