{"id":2828,"date":"2019-12-13T10:00:16","date_gmt":"2019-12-13T09:00:16","guid":{"rendered":"https:\/\/blog.ptvgroup.com\/?p=2828"},"modified":"2025-01-13T16:19:55","modified_gmt":"2025-01-13T15:19:55","slug":"oslo-studie-autonomes-fahren","status":"publish","type":"post","link":"https:\/\/blog.ptvgroup.com\/de\/modellierung-planung\/oslo-studie-autonomes-fahren\/","title":{"rendered":"Autonomes Fahren &#038; Shared Mobility: Studie zeigt Effekte auf Verkehr"},"content":{"rendered":"<div class=\"wpb-content-wrapper\"><p>[vc_row][vc_column][vc_column_text css=&#8221;&#8221;]<span data-contrast=\"auto\">Neueste Technologietrends wie autonome<\/span><span data-contrast=\"auto\">s\u00a0<\/span><span data-contrast=\"auto\">F<\/span><span data-contrast=\"auto\">ahren<\/span><span data-contrast=\"auto\">\u00a0und<\/span><span data-contrast=\"auto\">\u00a0<\/span><span data-contrast=\"auto\">Shared<\/span><span data-contrast=\"auto\">-Mobility<\/span><span data-contrast=\"auto\">-Konzepte werden<\/span><span data-contrast=\"auto\">\u00a0in Zukunft die Mobilit\u00e4t in St\u00e4dten weltweit<\/span><span data-contrast=\"auto\">\u00a0ver\u00e4ndern.\u00a0<\/span><span data-contrast=\"auto\">Die\u00a0<\/span><span data-contrast=\"auto\">norwegische Hauptstadt Oslo\u00a0<\/span><span data-contrast=\"auto\">will darauf vorbereitet sein.<\/span><span data-contrast=\"auto\">\u00a0D<\/span><span data-contrast=\"auto\">eshalb hat di<\/span><span data-contrast=\"auto\">e \u00f6rtliche Verkehrsbeh\u00f6rde Rute eine Studie in Auftrag gegeben, u<\/span><span data-contrast=\"auto\">m m\u00f6gliche Chancen, Risiken und Konsequenzen<\/span><span data-contrast=\"auto\">\u00a0<\/span><span data-contrast=\"auto\">aufzuzeigen<\/span><span data-contrast=\"auto\">, die sich durch diese technologischen Entwicklungen<\/span><span data-contrast=\"auto\">\u00a0f\u00fcr die Stadt- und Verkehrsplanung<\/span><span data-contrast=\"auto\">\u00a0ergeben<\/span><span data-contrast=\"auto\">.<\/span><span data-ccp-props=\"{&quot;201341983&quot;:0,&quot;335559739&quot;:120,&quot;335559740&quot;:360}\">\u00a0<\/span><\/p>\n<p><span data-contrast=\"auto\">F\u00fcr Verkehrsplaner<\/span><span data-contrast=\"auto\">*innen<\/span><span data-contrast=\"auto\">\u00a0ist\u00a0<\/span><span data-contrast=\"auto\">es schwer\u00a0<\/span><span data-contrast=\"auto\">zu prognostizieren<\/span><span data-contrast=\"auto\">,\u00a0<\/span><span data-contrast=\"auto\">welche<\/span><span data-contrast=\"auto\">\u00a0Auswirkungen selbstfahrende<\/span><span data-contrast=\"auto\">\u00a0Autos und\u00a0<\/span><span data-contrast=\"auto\">Mobility-<\/span><span data-contrast=\"auto\">as<\/span><span data-contrast=\"auto\">-a-Service (<\/span><span data-contrast=\"auto\">MaaS<\/span><span data-contrast=\"auto\">)-Angebote\u00a0<\/span><span data-contrast=\"auto\">tats\u00e4chlich<\/span><span data-contrast=\"auto\">\u00a0<\/span><span data-contrast=\"auto\">haben werden<\/span><span data-contrast=\"auto\">.\u00a0<\/span><span data-contrast=\"auto\">Daf\u00fcr gibt es\u00a0<\/span><span data-contrast=\"auto\">zu viele\u00a0<\/span><span data-contrast=\"auto\">Unvorhersehbarkeiten\u00a0<\/span><span data-contrast=\"auto\">\u2013<\/span><span data-contrast=\"auto\">\u00a0nicht nur w<\/span><span data-contrast=\"auto\">as<\/span><span data-contrast=\"auto\">\u00a0den tats\u00e4chlichen Zeitpunkt\u00a0<\/span><span data-contrast=\"auto\">angeht, bis die Technologien<\/span><span data-contrast=\"auto\">\u00a0<\/span><span data-contrast=\"auto\">eingef\u00fchrt\u00a0<\/span><span data-contrast=\"auto\">werden<\/span><span data-contrast=\"auto\">.\u00a0<\/span><span data-contrast=\"auto\">W<\/span><span data-contrast=\"auto\">elche Rolle spielt Autobesitz<\/span><span data-contrast=\"auto\">\u00a0beispielsweise<\/span><span data-contrast=\"auto\">\u00a0in Zukunft \u00fcberhaupt n<\/span><span data-contrast=\"auto\">och?\u00a0<\/span><span data-contrast=\"auto\">Werden autonome Fahrzeuge unser Reisebed\u00fcrfnis\u00a0<\/span><span data-contrast=\"auto\">zus\u00e4tzlich<\/span><span data-contrast=\"auto\">\u00a0verst\u00e4rken? Wie schnell wird sich autonomes Fahren in der Gesellschaft d<\/span><span data-contrast=\"auto\">urchsetzen?\u00a0<\/span><span data-contrast=\"auto\">Wie\u00a0<\/span><span data-contrast=\"auto\">auch schon\u00a0<\/span><span data-contrast=\"auto\">die<\/span><span data-contrast=\"auto\">\u00a0ber\u00fchmte\u00a0<\/span><span data-contrast=\"none\">Lissabon<\/span><span data-contrast=\"none\">&#8211;<\/span><span data-contrast=\"none\">Studie<\/span><span data-contrast=\"auto\">\u00a0<\/span><span data-contrast=\"auto\">wagt die Oslo<\/span><span data-contrast=\"auto\">&#8211;<\/span><span data-contrast=\"auto\">Studie den Blick in diese unbekannte Zukunft.\u00a0<\/span><span data-ccp-props=\"{&quot;201341983&quot;:0,&quot;335559739&quot;:120,&quot;335559740&quot;:360}\">\u00a0<\/span><\/p>\n<p><span data-contrast=\"auto\">\u201e<\/span><span data-contrast=\"auto\">Gemeinsam mit dem skandinavischen Beratungsunternehmen\u00a0<\/span><a href=\"https:\/\/www.cowi.com\/\"><span data-contrast=\"none\">COWI<\/span><\/a><span data-contrast=\"auto\">\u00a0haben wir\u00a0<\/span><span data-contrast=\"auto\">mit PTV Visum ein Verkehrsmodell\u00a0<\/span><span data-contrast=\"auto\">f\u00fcr<\/span><span data-contrast=\"auto\">\u00a0die Regionen<\/span><span data-contrast=\"auto\">\u00a0Oslo und Akershus entwickelt, um\u00a0<\/span><span data-contrast=\"auto\">m\u00f6gliche Effekte von Mobilit\u00e4tstrends genauer zu beleuchten\u201c, sagt Paul\u00a0<\/span><span data-contrast=\"auto\">Speirs<\/span><span data-contrast=\"auto\">,<\/span><span data-contrast=\"auto\">\u00a0<\/span><span data-contrast=\"auto\">Director<\/span><span data-contrast=\"auto\">\u00a0Project Management &amp; Services bei<\/span><span data-contrast=\"auto\">\u00a0<\/span><span data-contrast=\"auto\">PTV<\/span><span data-contrast=\"auto\">.\u00a0<\/span><span data-contrast=\"auto\">\u201e<\/span><span data-contrast=\"auto\">Mit unserer Software k\u00f6nnen<\/span><span data-contrast=\"auto\">\u00a0die unterschiedl<\/span><span data-contrast=\"auto\">ichen Parameter und Kombinationsm\u00f6glichkeiten<\/span><span data-contrast=\"auto\">\u00a0im Betrieb von\u00a0<\/span><span data-contrast=\"auto\">Shared<\/span><span data-contrast=\"auto\">&#8211;<\/span><span data-contrast=\"auto\">Mobil<\/span><span data-contrast=\"auto\">ity-<\/span><span data-contrast=\"auto\">Systemen<\/span><span data-contrast=\"auto\">\u00a0betrachtet werden<\/span><span data-contrast=\"auto\">.\u00a0<\/span><span data-contrast=\"auto\">Zum Beispiel die Nachfrage durch Reisende, die Gr\u00f6\u00dfe der Fahrzeugflotte oder auch\u00a0<\/span><span data-contrast=\"auto\">die noch akzeptable l\u00e4ngere Reisezeit durch einen Umweg beim\u00a0<\/span><span data-contrast=\"auto\">Ridesharing<\/span><span data-contrast=\"auto\">.\u201c<\/span><span data-ccp-props=\"{&quot;201341983&quot;:0,&quot;335559739&quot;:120,&quot;335559740&quot;:360}\">\u00a0<\/span><\/p>\n<h2>Sechs Hauptszenarien<\/h2>\n<p><span data-contrast=\"auto\">F\u00fcr die O<\/span><span data-contrast=\"auto\">slo-Studie\u00a0<\/span><span data-contrast=\"auto\">ging die Mobilit\u00e4tsexperten von einer<\/span><span data-contrast=\"auto\">\u00a0Zukunft\u00a0<\/span><span data-contrast=\"auto\">aus<\/span><span data-contrast=\"auto\">, in der autonome Fahrzeuge und\u00a0<\/span><span data-contrast=\"auto\">Mobility-<\/span><span data-contrast=\"auto\">as<\/span><span data-contrast=\"auto\">-a-Service\u00a0<\/span><span data-contrast=\"auto\">basierte Systeme den privaten Pkw-Besitz ersetzt haben. Betrachtet wurden die Gruppen der heutigen Autofahrer<\/span><span data-contrast=\"auto\">*innen<\/span><span data-contrast=\"auto\">\u00a0und\u00a0<\/span><span data-contrast=\"auto\">\u00d6PNV-<\/span><span data-contrast=\"auto\">Nutzer<\/span><span data-contrast=\"auto\">*innen<\/span><span data-contrast=\"auto\">\u00a0in\u00a0<\/span><span data-contrast=\"auto\">sechs<\/span><span data-contrast=\"auto\">\u00a0Hauptszenarien.<\/span><span data-contrast=\"auto\">\u00a0<\/span><span data-contrast=\"auto\">Was passiert, wenn diese beiden Personengruppen\u00a0<\/span><span data-contrast=\"auto\">sich\u00a0<\/span><span data-contrast=\"auto\">autonome Fahrzeuge teilen<\/span><span data-contrast=\"auto\">,<\/span><span data-contrast=\"auto\">\u00a0aber individuell fahren (Carsharing)<\/span><span data-contrast=\"auto\">?\u00a0<\/span><span data-contrast=\"auto\">\u00a0<\/span><span data-contrast=\"auto\">Oder wenn sie ein Fahrzeug\u00a0<\/span><span data-contrast=\"auto\">gemeinsam und zeitgleich mit Mitfahrer<\/span><span data-contrast=\"auto\">*inne<\/span><span data-contrast=\"auto\">n mit \u00e4hnlichem Ziel (<\/span><span data-contrast=\"auto\">Ridesharing<\/span><span data-contrast=\"auto\">) nutzen?<\/span><span data-contrast=\"auto\">\u00a0<\/span><span data-contrast=\"auto\">Die Analyse basierte auf der morgendlichen Hauptverkehrszeit an einem Arbeitstag in Oslo und<\/span><span data-contrast=\"auto\">\u00a0der Region<\/span><span data-contrast=\"auto\">\u00a0Akershus.\u00a0<\/span><span data-ccp-props=\"{&quot;201341983&quot;:0,&quot;335559739&quot;:120,&quot;335559740&quot;:360}\">\u00a0<\/span><\/p>\n<p><span data-contrast=\"auto\">\u201e<\/span><span data-contrast=\"auto\">In allen<\/span><span data-contrast=\"auto\">\u00a0von uns<\/span><span data-contrast=\"auto\">\u00a0untersuchten Szenarien\u00a0<\/span><span data-contrast=\"auto\">konnte<\/span><span data-contrast=\"auto\">\u00a0die Anzahl der Autos auf der Stra\u00dfe um 84 bis 93 Prozent reduziert<\/span><span data-contrast=\"auto\">\u00a0werden\u201c<\/span><span data-contrast=\"auto\">, erl\u00e4utert Paul\u00a0<\/span><span data-contrast=\"auto\">Speirs<\/span><span data-contrast=\"auto\">\u00a0<\/span><span data-contrast=\"auto\">die<\/span><span data-contrast=\"auto\">\u00a0Ergebnisse der Oslo-Studie.\u00a0<\/span><span data-contrast=\"auto\">\u201eW<\/span><span data-contrast=\"auto\">enn alle Verkehrsteilnehmer autonome Fahrzeuge teilen\u00a0<\/span><span data-contrast=\"auto\">und dabei<\/span><span data-contrast=\"auto\">\u00a0Fahrgemeinschaften nutzen w\u00fcrden<\/span><span data-contrast=\"auto\">, w\u00e4ren<\/span><span data-contrast=\"auto\">\u00a0<\/span><span data-contrast=\"auto\">sieben<\/span><span data-contrast=\"auto\">\u00a0Prozent der heutigen Fahrzeuge ausreichend, um alle Fahrten in de<\/span><span data-contrast=\"auto\">r<\/span><span data-contrast=\"auto\">\u00a0Hauptverkehrszeit<\/span><span data-contrast=\"auto\">\u00a0<\/span><span data-contrast=\"auto\">abzudecken.<\/span><span data-contrast=\"auto\">\u00a0Damit\u00a0<\/span><span data-contrast=\"auto\">w\u00e4ren 93 Prozent der Autos \u00fcberfl\u00fcssig.<\/span><span data-contrast=\"auto\">\u201d<\/span><span data-ccp-props=\"{&quot;201341983&quot;:0,&quot;335559739&quot;:120,&quot;335559740&quot;:360}\">\u00a0<\/span><\/p>\n<p><span data-contrast=\"auto\">Es wunder<\/span><span data-contrast=\"auto\">t<\/span><span data-contrast=\"auto\">\u00a0kaum, dass\u00a0<\/span><span data-contrast=\"auto\">sich der gr\u00f6\u00dfte Verk<\/span><span data-contrast=\"auto\">ehrsr\u00fcckgang<\/span><span data-contrast=\"auto\">\u00a0in der Simulation f\u00fcr ein Szenario zeigte,<\/span><span data-contrast=\"auto\">\u00a0in dem die heutigen \u00d6PNV-Nutzer<\/span><span data-contrast=\"auto\">*<\/span><span data-contrast=\"auto\">innnen<\/span><span data-contrast=\"auto\">\u00a0bei den \u00f6ffentlichen Verkehrsmitteln\u00a0<\/span><span data-contrast=\"auto\">bleiben<\/span><span data-contrast=\"auto\">, w\u00e4hrend die heutigen Autofahrer<\/span><span data-contrast=\"auto\">*<\/span><span data-contrast=\"auto\">innen<\/span><span data-contrast=\"auto\">\u00a0auf autonomes\u00a0<\/span><span data-contrast=\"auto\">Ridesharing<\/span><span data-contrast=\"auto\">\u00a0<\/span><span data-contrast=\"auto\">umsteigen w\u00fcrden<\/span><span data-contrast=\"auto\">.\u00a0<\/span><span data-contrast=\"auto\">Der<\/span><span data-contrast=\"auto\">\u00a0Verkehr<\/span><span data-contrast=\"auto\">\u00a0lie\u00dfe sich damit um<\/span><span data-contrast=\"auto\">\u00a014 Prozent reduzier<\/span><span data-contrast=\"auto\">en.\u00a0<\/span><span data-contrast=\"auto\">Umgekehrt w\u00fcrde das Verkehrsaufkommen um 97 Prozent steigen, wenn alle, die derzeit\u00a0<\/span><span data-contrast=\"auto\">den \u00d6PNV nutzen,\u00a0<\/span><span data-contrast=\"auto\">auf reines Carsharing ohne\u00a0<\/span><span data-contrast=\"auto\">Ridesharing<\/span><span data-contrast=\"auto\">\u00a0umst<\/span><span data-contrast=\"auto\">iegen.\u00a0<\/span><span data-ccp-props=\"{&quot;201341983&quot;:0,&quot;335559739&quot;:120,&quot;335559740&quot;:360}\">\u00a0<\/span><\/p>\n<p><span data-contrast=\"auto\">\u201eF\u00fcr\u00a0<\/span><span data-contrast=\"auto\">die heutigen Nutzer*innen des \u00f6ffentlichen Verkehrs k\u00f6nnten sich\u00a0<\/span><span data-contrast=\"auto\">Mobility-<\/span><span data-contrast=\"auto\">as<\/span><span data-contrast=\"auto\">-a-Service<\/span><span data-contrast=\"auto\">\u00a0als besonders attraktiv erweisen. Sie sparen am meisten Reisezeit \u2013 im Durchschnitt 11 Minuten \u2013 und profitieren zudem vom T\u00fcr-zu-T\u00fcr-Service. Das w\u00e4re eine starke Konkurrenz zum \u00f6ffentlichen Nahverkehr und w\u00fcrde<\/span><span data-contrast=\"auto\">\u00a0im<\/span><span data-contrast=\"auto\">\u00a0schlimmsten Fall zu einer deutlichen Verkehrszunahme f\u00fchren.\u00a0<\/span><span data-contrast=\"auto\">Obwohl selbstfahrende Autos die Stra\u00dfenkapazit\u00e4t effizienter nutzen,\u00a0<\/span><span data-contrast=\"auto\">k\u00f6nnte<\/span><span data-contrast=\"auto\">\u00a0die derzeitige Infrastruktur einen solchen Anstieg nicht bew\u00e4ltigen<\/span><span data-contrast=\"auto\">\u201c,\u00a0<\/span><span data-contrast=\"auto\">ist sich\u00a0<\/span><span data-contrast=\"auto\">der PTV-Experte<\/span><span data-contrast=\"auto\">\u00a0sicher<\/span><span data-contrast=\"auto\">.\u00a0<\/span><span data-contrast=\"auto\">\u201e<\/span><span data-contrast=\"auto\">A<\/span><span data-contrast=\"auto\">uf der anderen Seite w\u00e4re es m\u00f6glich, dass<\/span><span data-contrast=\"auto\">\u00a0<\/span><span data-contrast=\"auto\">MaaS<\/span><span data-contrast=\"auto\">-Systeme den \u00f6ffentlichen Verkehr f\u00fcr Menschen, die derzeit selbst fahren, attraktiver machen<\/span><span data-contrast=\"auto\">. Gerade mit Blick auf finanzielle Belastungen durch Autobesitz oder l\u00e4stige Parkplatzsuche.\u201c<\/span><span data-ccp-props=\"{&quot;201341983&quot;:0,&quot;335559739&quot;:120,&quot;335559740&quot;:360}\">\u00a0<\/span><\/p>\n<h2>Den \u00d6PNV st\u00e4rken<\/h2>\n<p><span data-contrast=\"auto\">Die\u00a0<\/span><span data-contrast=\"auto\">Oslo-<\/span><span data-contrast=\"auto\">Studie macht deutlich, wie wichtig ein gut ausgebauter \u00f6ffentlicher Nahverkehr auch in Zukunft sein wird.<\/span><span data-contrast=\"auto\">\u00a0Autonome Technologien<\/span><span data-contrast=\"auto\">\u00a0und Mobility-on-Demand-Konzepte<\/span><span data-contrast=\"auto\">\u00a0allein werden die Verkehrsprobleme in unseren St\u00e4dten nicht l\u00f6sen<\/span><span data-contrast=\"auto\">. S<\/span><span data-contrast=\"auto\">ie k\u00f6nnen aber dazu beitragen<\/span><span data-contrast=\"auto\">,<\/span><span data-contrast=\"auto\">\u00a0den \u00f6ffentlichen Verkehr attraktiver und wettbewerbsf\u00e4higer zu machen \u2013 gerade in Gebieten mit geringer\u00a0<\/span><span data-contrast=\"auto\">A<\/span><span data-contrast=\"auto\">bdeckung.\u00a0<\/span><span data-contrast=\"auto\">Um unsere Stra\u00dfen zu entlasten, braucht es eine gute Mischung aus \u00d6PNV, Fu\u00df- und Radverkehr sowie\u00a0<\/span><span data-contrast=\"auto\">mit\u00a0<\/span><span data-contrast=\"auto\">MaaS<\/span><span data-contrast=\"auto\">-L\u00f6sungen als erg\u00e4nzendes Angebot.\u00a0<\/span><span data-ccp-props=\"{&quot;201341983&quot;:0,&quot;335559739&quot;:120,&quot;335559740&quot;:360}\">\u00a0<\/span>[\/vc_column_text][\/vc_column][\/vc_row][vc_row][vc_column][vc_cta h2=&#8221;&#8221; shape=&#8221;square&#8221; style=&#8221;flat&#8221; color=&#8221;black&#8221; css=&#8221;&#8221;]<span class=\"TextRun SCXW4070538 BCX7\" lang=\"DE-DE\" xml:lang=\"DE-DE\" data-contrast=\"auto\"><span class=\"NormalTextRun SCXW4070538 BCX7\">Wer die Weiche f\u00fcr die Mobilit\u00e4t von morgen stellen m\u00f6chte, muss m\u00f6gliche Effekte neuer Technologien und Dienste kennen und verstehen.<\/span><\/span><span class=\"EOP SCXW4070538 BCX7\" data-ccp-props=\"{&quot;201341983&quot;:0,&quot;335559739&quot;:120,&quot;335559740&quot;:360}\">\u00a0<\/span><\/p>\n<p><strong><a href=\"http:\/\/newsroom.ptvgroup.com\/fileadmin\/files_newsroom\/Downloads\/Press_releases\/EN\/2019\/print-version-The-Oslo-Study-by-COWI-PVT.11.04.2019_02.pdf\"><span class=\"TextRun SCXW115515936 BCX7\" lang=\"EN-GB\" xml:lang=\"EN-GB\" data-contrast=\"auto\"><span class=\"NormalTextRun SCXW115515936 BCX7\" data-ccp-parastyle=\"Text\">\u2192 Die Oslo Studie lesen<\/span><\/span><\/a><\/strong>[\/vc_cta][\/vc_column][\/vc_row]<\/p>\n<\/div>","protected":false},"excerpt":{"rendered":"<p class=\"card-text\">Die Oslo- Studie zeigt die m\u00f6glichen Auswirkungen von autonomen Fahrzeugen und Shared-Mobility- Konzepten auf den Verkehr in der norwegischen Hauptstadt. [&#8230;]<\/p>\n<p class=\"m-0\"><a class=\"btn btn-outline-secondary btn-read-more\" href=\"https:\/\/blog.ptvgroup.com\/de\/modellierung-planung\/oslo-studie-autonomes-fahren\/\">Weiterlesen<\/a><\/p>\n","protected":false},"author":13,"featured_media":2824,"comment_status":"open","ping_status":"closed","sticky":false,"template":"","format":"standard","meta":{"footnotes":""},"categories":[8335],"tags":[8414],"ppma_author":[8266],"class_list":["post-2828","post","type-post","status-publish","format-standard","has-post-thumbnail","hentry","category-modellierung-planung","tag-autonomes-fahren"],"yoast_head":"<!-- This site is optimized with the Yoast SEO Premium plugin v27.0 (Yoast SEO v27.5) - https:\/\/yoast.com\/product\/yoast-seo-premium-wordpress\/ -->\n<title>Wie ver\u00e4ndern MaaS und autonomes Fahren den Verkehr? | PTV Blog<\/title>\n<meta name=\"description\" content=\"Eine Studie zeigt die m\u00f6glichen Auswirkungen von autonomen Fahrzeugen und Shared Mobility Konzepten auf den Stadtverkehr in Oslo.\" \/>\n<meta name=\"robots\" content=\"index, follow, max-snippet:-1, max-image-preview:large, max-video-preview:-1\" \/>\n<link rel=\"canonical\" href=\"https:\/\/blog.ptvgroup.com\/de\/modellierung-planung\/oslo-studie-autonomes-fahren\/\" \/>\n<meta property=\"og:locale\" content=\"de_DE\" \/>\n<meta property=\"og:type\" content=\"article\" \/>\n<meta property=\"og:title\" content=\"Autonomes Fahren &amp; Shared Mobility: Studie zeigt Effekte auf Verkehr\" \/>\n<meta property=\"og:description\" content=\"Eine Studie zeigt die m\u00f6glichen Auswirkungen von autonomen Fahrzeugen und Shared Mobility Konzepten auf den Stadtverkehr in Oslo.\" \/>\n<meta property=\"og:url\" content=\"https:\/\/blog.ptvgroup.com\/de\/modellierung-planung\/oslo-studie-autonomes-fahren\/\" \/>\n<meta property=\"og:site_name\" content=\"PTV Blog\" \/>\n<meta property=\"article:publisher\" content=\"https:\/\/www.facebook.com\/PTVGroupGlobal\/\" \/>\n<meta property=\"article:published_time\" content=\"2019-12-13T09:00:16+00:00\" \/>\n<meta property=\"article:modified_time\" content=\"2025-01-13T15:19:55+00:00\" \/>\n<meta property=\"og:image\" content=\"https:\/\/blog.ptvgroup.com\/wp-content\/uploads\/2019\/12\/ptv-blog_oslo-study-1.jpg\" \/>\n\t<meta property=\"og:image:width\" content=\"1025\" \/>\n\t<meta property=\"og:image:height\" content=\"577\" \/>\n\t<meta property=\"og:image:type\" content=\"image\/jpeg\" \/>\n<meta name=\"author\" content=\"Stefanie Schmidt\" \/>\n<meta name=\"twitter:card\" content=\"summary_large_image\" \/>\n<meta name=\"twitter:label1\" content=\"Verfasst von\" \/>\n\t<meta name=\"twitter:data1\" content=\"Stefanie Schmidt\" \/>\n\t<meta name=\"twitter:label2\" content=\"Gesch\u00e4tzte Lesezeit\" \/>\n\t<meta name=\"twitter:data2\" content=\"4\u00a0Minuten\" \/>\n<script type=\"application\/ld+json\" class=\"yoast-schema-graph\">{\"@context\":\"https:\\\/\\\/schema.org\",\"@graph\":[{\"@type\":\"Article\",\"@id\":\"https:\\\/\\\/blog.ptvgroup.com\\\/de\\\/modellierung-planung\\\/oslo-studie-autonomes-fahren\\\/#article\",\"isPartOf\":{\"@id\":\"https:\\\/\\\/blog.ptvgroup.com\\\/de\\\/modellierung-planung\\\/oslo-studie-autonomes-fahren\\\/\"},\"author\":{\"name\":\"Stefanie Schmidt\",\"@id\":\"https:\\\/\\\/blog.ptvgroup.com\\\/de\\\/#\\\/schema\\\/person\\\/01208bd7993998162da7dfccc5431421\"},\"headline\":\"Autonomes Fahren &#038; Shared Mobility: Studie zeigt Effekte auf Verkehr\",\"datePublished\":\"2019-12-13T09:00:16+00:00\",\"dateModified\":\"2025-01-13T15:19:55+00:00\",\"mainEntityOfPage\":{\"@id\":\"https:\\\/\\\/blog.ptvgroup.com\\\/de\\\/modellierung-planung\\\/oslo-studie-autonomes-fahren\\\/\"},\"wordCount\":757,\"commentCount\":0,\"publisher\":{\"@id\":\"https:\\\/\\\/blog.ptvgroup.com\\\/de\\\/#organization\"},\"image\":{\"@id\":\"https:\\\/\\\/blog.ptvgroup.com\\\/de\\\/modellierung-planung\\\/oslo-studie-autonomes-fahren\\\/#primaryimage\"},\"thumbnailUrl\":\"https:\\\/\\\/blog.ptvgroup.com\\\/wp-content\\\/uploads\\\/2019\\\/12\\\/ptv-blog_oslo-study-1.jpg\",\"keywords\":[\"Autonomes Fahren\"],\"articleSection\":[\"Modellierung &amp; Planung\"],\"inLanguage\":\"de\",\"potentialAction\":[{\"@type\":\"CommentAction\",\"name\":\"Comment\",\"target\":[\"https:\\\/\\\/blog.ptvgroup.com\\\/de\\\/modellierung-planung\\\/oslo-studie-autonomes-fahren\\\/#respond\"]}]},{\"@type\":\"WebPage\",\"@id\":\"https:\\\/\\\/blog.ptvgroup.com\\\/de\\\/modellierung-planung\\\/oslo-studie-autonomes-fahren\\\/\",\"url\":\"https:\\\/\\\/blog.ptvgroup.com\\\/de\\\/modellierung-planung\\\/oslo-studie-autonomes-fahren\\\/\",\"name\":\"Wie ver\u00e4ndern MaaS und autonomes Fahren den Verkehr? | PTV Blog\",\"isPartOf\":{\"@id\":\"https:\\\/\\\/blog.ptvgroup.com\\\/de\\\/#website\"},\"primaryImageOfPage\":{\"@id\":\"https:\\\/\\\/blog.ptvgroup.com\\\/de\\\/modellierung-planung\\\/oslo-studie-autonomes-fahren\\\/#primaryimage\"},\"image\":{\"@id\":\"https:\\\/\\\/blog.ptvgroup.com\\\/de\\\/modellierung-planung\\\/oslo-studie-autonomes-fahren\\\/#primaryimage\"},\"thumbnailUrl\":\"https:\\\/\\\/blog.ptvgroup.com\\\/wp-content\\\/uploads\\\/2019\\\/12\\\/ptv-blog_oslo-study-1.jpg\",\"datePublished\":\"2019-12-13T09:00:16+00:00\",\"dateModified\":\"2025-01-13T15:19:55+00:00\",\"description\":\"Eine Studie zeigt die m\u00f6glichen Auswirkungen von autonomen Fahrzeugen und Shared Mobility Konzepten auf den Stadtverkehr in Oslo.\",\"breadcrumb\":{\"@id\":\"https:\\\/\\\/blog.ptvgroup.com\\\/de\\\/modellierung-planung\\\/oslo-studie-autonomes-fahren\\\/#breadcrumb\"},\"inLanguage\":\"de\",\"potentialAction\":[{\"@type\":\"ReadAction\",\"target\":[\"https:\\\/\\\/blog.ptvgroup.com\\\/de\\\/modellierung-planung\\\/oslo-studie-autonomes-fahren\\\/\"]}]},{\"@type\":\"ImageObject\",\"inLanguage\":\"de\",\"@id\":\"https:\\\/\\\/blog.ptvgroup.com\\\/de\\\/modellierung-planung\\\/oslo-studie-autonomes-fahren\\\/#primaryimage\",\"url\":\"https:\\\/\\\/blog.ptvgroup.com\\\/wp-content\\\/uploads\\\/2019\\\/12\\\/ptv-blog_oslo-study-1.jpg\",\"contentUrl\":\"https:\\\/\\\/blog.ptvgroup.com\\\/wp-content\\\/uploads\\\/2019\\\/12\\\/ptv-blog_oslo-study-1.jpg\",\"width\":1025,\"height\":577,\"caption\":\"Die Stadt Oslo m\u00f6chte vorbereitet sein auf m\u00f6gliche \u00c4nderungen in unserer Mobilit\u00e4t, die Technologietrends mit sich bringen\"},{\"@type\":\"BreadcrumbList\",\"@id\":\"https:\\\/\\\/blog.ptvgroup.com\\\/de\\\/modellierung-planung\\\/oslo-studie-autonomes-fahren\\\/#breadcrumb\",\"itemListElement\":[{\"@type\":\"ListItem\",\"position\":1,\"name\":\"Startseite\",\"item\":\"https:\\\/\\\/blog.ptvgroup.com\\\/de\\\/\"},{\"@type\":\"ListItem\",\"position\":2,\"name\":\"Autonomes Fahren &#038; Shared Mobility: Studie zeigt Effekte auf Verkehr\"}]},{\"@type\":\"WebSite\",\"@id\":\"https:\\\/\\\/blog.ptvgroup.com\\\/de\\\/#website\",\"url\":\"https:\\\/\\\/blog.ptvgroup.com\\\/de\\\/\",\"name\":\"PTV Blog\",\"description\":\"Explore with us how technology drives the future of mobility toward a cleaner, smarter, and safer world.\",\"publisher\":{\"@id\":\"https:\\\/\\\/blog.ptvgroup.com\\\/de\\\/#organization\"},\"potentialAction\":[{\"@type\":\"SearchAction\",\"target\":{\"@type\":\"EntryPoint\",\"urlTemplate\":\"https:\\\/\\\/blog.ptvgroup.com\\\/de\\\/?s={search_term_string}\"},\"query-input\":{\"@type\":\"PropertyValueSpecification\",\"valueRequired\":true,\"valueName\":\"search_term_string\"}}],\"inLanguage\":\"de\"},{\"@type\":\"Organization\",\"@id\":\"https:\\\/\\\/blog.ptvgroup.com\\\/de\\\/#organization\",\"name\":\"PTV Group\",\"url\":\"https:\\\/\\\/blog.ptvgroup.com\\\/de\\\/\",\"logo\":{\"@type\":\"ImageObject\",\"inLanguage\":\"de\",\"@id\":\"https:\\\/\\\/blog.ptvgroup.com\\\/de\\\/#\\\/schema\\\/logo\\\/image\\\/\",\"url\":\"https:\\\/\\\/blog.ptvgroup.com\\\/wp-content\\\/uploads\\\/2021\\\/11\\\/PTV_Group_Logo_black.jpg\",\"contentUrl\":\"https:\\\/\\\/blog.ptvgroup.com\\\/wp-content\\\/uploads\\\/2021\\\/11\\\/PTV_Group_Logo_black.jpg\",\"width\":1598,\"height\":362,\"caption\":\"PTV Group\"},\"image\":{\"@id\":\"https:\\\/\\\/blog.ptvgroup.com\\\/de\\\/#\\\/schema\\\/logo\\\/image\\\/\"},\"sameAs\":[\"https:\\\/\\\/www.facebook.com\\\/PTVGroupGlobal\\\/\",\"https:\\\/\\\/www.instagram.com\\\/ptv_group\\\/\",\"https:\\\/\\\/www.linkedin.com\\\/company\\\/ptv\\\/\",\"https:\\\/\\\/www.youtube.com\\\/user\\\/ThePTVGroup\",\"https:\\\/\\\/www.tiktok.com\\\/@ptv_group\\\/\"],\"description\":\"Our goal is to drive the future of mobility toward a cleaner, smarter, and safer world. With a legacy spanning over 40 years as a leading global software company for traffic planning, simulation, and real-time management, we have garnered extensive experience in the field of mobility.\",\"email\":\"info@ptvgroup.com\",\"telephone\":\"+49 721 9651-0\",\"legalName\":\"PTV Planung Transport Verkehr GmbH\",\"foundingDate\":\"1979-01-01\",\"vatID\":\"Umsatzsteuer-Identifikationsnummer gem\u00e4\u00df \u00a7 27a Umsatzsteuergesetz (UStG): DE 812 666 053\",\"numberOfEmployees\":{\"@type\":\"QuantitativeValue\",\"minValue\":\"201\",\"maxValue\":\"500\"}},{\"@type\":\"Person\",\"@id\":\"https:\\\/\\\/blog.ptvgroup.com\\\/de\\\/#\\\/schema\\\/person\\\/01208bd7993998162da7dfccc5431421\",\"name\":\"Stefanie Schmidt\",\"image\":{\"@type\":\"ImageObject\",\"inLanguage\":\"de\",\"@id\":\"https:\\\/\\\/secure.gravatar.com\\\/avatar\\\/03f4afe93d67a34b3645a3a7ec1a9c167d1bfb5ecf6d1e49794a1d09fd6108ff?s=96&d=blank&r=g2be7e52f46e7f47592a73f21f40a9e34\",\"url\":\"https:\\\/\\\/secure.gravatar.com\\\/avatar\\\/03f4afe93d67a34b3645a3a7ec1a9c167d1bfb5ecf6d1e49794a1d09fd6108ff?s=96&d=blank&r=g\",\"contentUrl\":\"https:\\\/\\\/secure.gravatar.com\\\/avatar\\\/03f4afe93d67a34b3645a3a7ec1a9c167d1bfb5ecf6d1e49794a1d09fd6108ff?s=96&d=blank&r=g\",\"caption\":\"Stefanie Schmidt\"},\"description\":\"Sustainable mobility, including cycling, autonomous driving, road safety, and innovative technologies, captivates Steffi's interest for diverse writing\",\"url\":\"https:\\\/\\\/blog.ptvgroup.com\\\/de\\\/author\\\/stefanie-schmidt\\\/\"}]}<\/script>\n<!-- \/ Yoast SEO Premium plugin. -->","yoast_head_json":{"title":"Wie ver\u00e4ndern MaaS und autonomes Fahren den Verkehr? | PTV Blog","description":"Eine Studie zeigt die m\u00f6glichen Auswirkungen von autonomen Fahrzeugen und Shared Mobility Konzepten auf den Stadtverkehr in Oslo.","robots":{"index":"index","follow":"follow","max-snippet":"max-snippet:-1","max-image-preview":"max-image-preview:large","max-video-preview":"max-video-preview:-1"},"canonical":"https:\/\/blog.ptvgroup.com\/de\/modellierung-planung\/oslo-studie-autonomes-fahren\/","og_locale":"de_DE","og_type":"article","og_title":"Autonomes Fahren & Shared Mobility: Studie zeigt Effekte auf Verkehr","og_description":"Eine Studie zeigt die m\u00f6glichen Auswirkungen von autonomen Fahrzeugen und Shared Mobility Konzepten auf den Stadtverkehr in Oslo.","og_url":"https:\/\/blog.ptvgroup.com\/de\/modellierung-planung\/oslo-studie-autonomes-fahren\/","og_site_name":"PTV Blog","article_publisher":"https:\/\/www.facebook.com\/PTVGroupGlobal\/","article_published_time":"2019-12-13T09:00:16+00:00","article_modified_time":"2025-01-13T15:19:55+00:00","og_image":[{"width":1025,"height":577,"url":"https:\/\/blog.ptvgroup.com\/wp-content\/uploads\/2019\/12\/ptv-blog_oslo-study-1.jpg","type":"image\/jpeg"}],"author":"Stefanie Schmidt","twitter_card":"summary_large_image","twitter_misc":{"Verfasst von":"Stefanie Schmidt","Gesch\u00e4tzte Lesezeit":"4\u00a0Minuten"},"schema":{"@context":"https:\/\/schema.org","@graph":[{"@type":"Article","@id":"https:\/\/blog.ptvgroup.com\/de\/modellierung-planung\/oslo-studie-autonomes-fahren\/#article","isPartOf":{"@id":"https:\/\/blog.ptvgroup.com\/de\/modellierung-planung\/oslo-studie-autonomes-fahren\/"},"author":{"name":"Stefanie Schmidt","@id":"https:\/\/blog.ptvgroup.com\/de\/#\/schema\/person\/01208bd7993998162da7dfccc5431421"},"headline":"Autonomes Fahren &#038; Shared Mobility: Studie zeigt Effekte auf Verkehr","datePublished":"2019-12-13T09:00:16+00:00","dateModified":"2025-01-13T15:19:55+00:00","mainEntityOfPage":{"@id":"https:\/\/blog.ptvgroup.com\/de\/modellierung-planung\/oslo-studie-autonomes-fahren\/"},"wordCount":757,"commentCount":0,"publisher":{"@id":"https:\/\/blog.ptvgroup.com\/de\/#organization"},"image":{"@id":"https:\/\/blog.ptvgroup.com\/de\/modellierung-planung\/oslo-studie-autonomes-fahren\/#primaryimage"},"thumbnailUrl":"https:\/\/blog.ptvgroup.com\/wp-content\/uploads\/2019\/12\/ptv-blog_oslo-study-1.jpg","keywords":["Autonomes Fahren"],"articleSection":["Modellierung &amp; Planung"],"inLanguage":"de","potentialAction":[{"@type":"CommentAction","name":"Comment","target":["https:\/\/blog.ptvgroup.com\/de\/modellierung-planung\/oslo-studie-autonomes-fahren\/#respond"]}]},{"@type":"WebPage","@id":"https:\/\/blog.ptvgroup.com\/de\/modellierung-planung\/oslo-studie-autonomes-fahren\/","url":"https:\/\/blog.ptvgroup.com\/de\/modellierung-planung\/oslo-studie-autonomes-fahren\/","name":"Wie ver\u00e4ndern MaaS und autonomes Fahren den Verkehr? | PTV Blog","isPartOf":{"@id":"https:\/\/blog.ptvgroup.com\/de\/#website"},"primaryImageOfPage":{"@id":"https:\/\/blog.ptvgroup.com\/de\/modellierung-planung\/oslo-studie-autonomes-fahren\/#primaryimage"},"image":{"@id":"https:\/\/blog.ptvgroup.com\/de\/modellierung-planung\/oslo-studie-autonomes-fahren\/#primaryimage"},"thumbnailUrl":"https:\/\/blog.ptvgroup.com\/wp-content\/uploads\/2019\/12\/ptv-blog_oslo-study-1.jpg","datePublished":"2019-12-13T09:00:16+00:00","dateModified":"2025-01-13T15:19:55+00:00","description":"Eine Studie zeigt die m\u00f6glichen Auswirkungen von autonomen Fahrzeugen und Shared Mobility Konzepten auf den Stadtverkehr in Oslo.","breadcrumb":{"@id":"https:\/\/blog.ptvgroup.com\/de\/modellierung-planung\/oslo-studie-autonomes-fahren\/#breadcrumb"},"inLanguage":"de","potentialAction":[{"@type":"ReadAction","target":["https:\/\/blog.ptvgroup.com\/de\/modellierung-planung\/oslo-studie-autonomes-fahren\/"]}]},{"@type":"ImageObject","inLanguage":"de","@id":"https:\/\/blog.ptvgroup.com\/de\/modellierung-planung\/oslo-studie-autonomes-fahren\/#primaryimage","url":"https:\/\/blog.ptvgroup.com\/wp-content\/uploads\/2019\/12\/ptv-blog_oslo-study-1.jpg","contentUrl":"https:\/\/blog.ptvgroup.com\/wp-content\/uploads\/2019\/12\/ptv-blog_oslo-study-1.jpg","width":1025,"height":577,"caption":"Die Stadt Oslo m\u00f6chte vorbereitet sein auf m\u00f6gliche \u00c4nderungen in unserer Mobilit\u00e4t, die Technologietrends mit sich bringen"},{"@type":"BreadcrumbList","@id":"https:\/\/blog.ptvgroup.com\/de\/modellierung-planung\/oslo-studie-autonomes-fahren\/#breadcrumb","itemListElement":[{"@type":"ListItem","position":1,"name":"Startseite","item":"https:\/\/blog.ptvgroup.com\/de\/"},{"@type":"ListItem","position":2,"name":"Autonomes Fahren &#038; Shared Mobility: Studie zeigt Effekte auf Verkehr"}]},{"@type":"WebSite","@id":"https:\/\/blog.ptvgroup.com\/de\/#website","url":"https:\/\/blog.ptvgroup.com\/de\/","name":"PTV Blog","description":"Explore with us how technology drives the future of mobility toward a cleaner, smarter, and safer world.","publisher":{"@id":"https:\/\/blog.ptvgroup.com\/de\/#organization"},"potentialAction":[{"@type":"SearchAction","target":{"@type":"EntryPoint","urlTemplate":"https:\/\/blog.ptvgroup.com\/de\/?s={search_term_string}"},"query-input":{"@type":"PropertyValueSpecification","valueRequired":true,"valueName":"search_term_string"}}],"inLanguage":"de"},{"@type":"Organization","@id":"https:\/\/blog.ptvgroup.com\/de\/#organization","name":"PTV Group","url":"https:\/\/blog.ptvgroup.com\/de\/","logo":{"@type":"ImageObject","inLanguage":"de","@id":"https:\/\/blog.ptvgroup.com\/de\/#\/schema\/logo\/image\/","url":"https:\/\/blog.ptvgroup.com\/wp-content\/uploads\/2021\/11\/PTV_Group_Logo_black.jpg","contentUrl":"https:\/\/blog.ptvgroup.com\/wp-content\/uploads\/2021\/11\/PTV_Group_Logo_black.jpg","width":1598,"height":362,"caption":"PTV Group"},"image":{"@id":"https:\/\/blog.ptvgroup.com\/de\/#\/schema\/logo\/image\/"},"sameAs":["https:\/\/www.facebook.com\/PTVGroupGlobal\/","https:\/\/www.instagram.com\/ptv_group\/","https:\/\/www.linkedin.com\/company\/ptv\/","https:\/\/www.youtube.com\/user\/ThePTVGroup","https:\/\/www.tiktok.com\/@ptv_group\/"],"description":"Our goal is to drive the future of mobility toward a cleaner, smarter, and safer world. With a legacy spanning over 40 years as a leading global software company for traffic planning, simulation, and real-time management, we have garnered extensive experience in the field of mobility.","email":"info@ptvgroup.com","telephone":"+49 721 9651-0","legalName":"PTV Planung Transport Verkehr GmbH","foundingDate":"1979-01-01","vatID":"Umsatzsteuer-Identifikationsnummer gem\u00e4\u00df \u00a7 27a Umsatzsteuergesetz (UStG): DE 812 666 053","numberOfEmployees":{"@type":"QuantitativeValue","minValue":"201","maxValue":"500"}},{"@type":"Person","@id":"https:\/\/blog.ptvgroup.com\/de\/#\/schema\/person\/01208bd7993998162da7dfccc5431421","name":"Stefanie Schmidt","image":{"@type":"ImageObject","inLanguage":"de","@id":"https:\/\/secure.gravatar.com\/avatar\/03f4afe93d67a34b3645a3a7ec1a9c167d1bfb5ecf6d1e49794a1d09fd6108ff?s=96&d=blank&r=g2be7e52f46e7f47592a73f21f40a9e34","url":"https:\/\/secure.gravatar.com\/avatar\/03f4afe93d67a34b3645a3a7ec1a9c167d1bfb5ecf6d1e49794a1d09fd6108ff?s=96&d=blank&r=g","contentUrl":"https:\/\/secure.gravatar.com\/avatar\/03f4afe93d67a34b3645a3a7ec1a9c167d1bfb5ecf6d1e49794a1d09fd6108ff?s=96&d=blank&r=g","caption":"Stefanie Schmidt"},"description":"Sustainable mobility, including cycling, autonomous driving, road safety, and innovative technologies, captivates Steffi's interest for diverse writing","url":"https:\/\/blog.ptvgroup.com\/de\/author\/stefanie-schmidt\/"}]}},"authors":[{"term_id":8266,"user_id":13,"is_guest":0,"slug":"stefanie-schmidt","display_name":"Stefanie Schmidt","avatar_url":"https:\/\/secure.gravatar.com\/avatar\/03f4afe93d67a34b3645a3a7ec1a9c167d1bfb5ecf6d1e49794a1d09fd6108ff?s=96&d=blank&r=g","0":null,"1":"","2":"","3":"","4":"","5":"","6":"","7":"","8":""}],"_links":{"self":[{"href":"https:\/\/blog.ptvgroup.com\/de\/wp-json\/wp\/v2\/posts\/2828","targetHints":{"allow":["GET"]}}],"collection":[{"href":"https:\/\/blog.ptvgroup.com\/de\/wp-json\/wp\/v2\/posts"}],"about":[{"href":"https:\/\/blog.ptvgroup.com\/de\/wp-json\/wp\/v2\/types\/post"}],"author":[{"embeddable":true,"href":"https:\/\/blog.ptvgroup.com\/de\/wp-json\/wp\/v2\/users\/13"}],"replies":[{"embeddable":true,"href":"https:\/\/blog.ptvgroup.com\/de\/wp-json\/wp\/v2\/comments?post=2828"}],"version-history":[{"count":8,"href":"https:\/\/blog.ptvgroup.com\/de\/wp-json\/wp\/v2\/posts\/2828\/revisions"}],"predecessor-version":[{"id":26119,"href":"https:\/\/blog.ptvgroup.com\/de\/wp-json\/wp\/v2\/posts\/2828\/revisions\/26119"}],"wp:featuredmedia":[{"embeddable":true,"href":"https:\/\/blog.ptvgroup.com\/de\/wp-json\/wp\/v2\/media\/2824"}],"wp:attachment":[{"href":"https:\/\/blog.ptvgroup.com\/de\/wp-json\/wp\/v2\/media?parent=2828"}],"wp:term":[{"taxonomy":"category","embeddable":true,"href":"https:\/\/blog.ptvgroup.com\/de\/wp-json\/wp\/v2\/categories?post=2828"},{"taxonomy":"post_tag","embeddable":true,"href":"https:\/\/blog.ptvgroup.com\/de\/wp-json\/wp\/v2\/tags?post=2828"},{"taxonomy":"author","embeddable":true,"href":"https:\/\/blog.ptvgroup.com\/de\/wp-json\/wp\/v2\/ppma_author?post=2828"}],"curies":[{"name":"wp","href":"https:\/\/api.w.org\/{rel}","templated":true}]}}