{"id":21754,"date":"2023-09-20T10:00:19","date_gmt":"2023-09-20T08:00:19","guid":{"rendered":"https:\/\/blog.ptvgroup.com\/?p=21754"},"modified":"2026-01-22T13:49:12","modified_gmt":"2026-01-22T12:49:12","slug":"zugang-zu-mobilitaet-als-grundrecht","status":"publish","type":"post","link":"https:\/\/blog.ptvgroup.com\/de\/trendthemen\/zugang-zu-mobilitaet-als-grundrecht\/","title":{"rendered":"Warum Zugang zu Mobilit\u00e4t ein Grundrecht sein muss"},"content":{"rendered":"<div class=\"wpb-content-wrapper\"><p>[vc_row][vc_column][vc_column_text]Was f\u00fcr die meisten von uns selbstverst\u00e4ndlich ist, bleibt Millionen Menschen weltweit verwehrt: Das Grundrecht, sich frei und sicher bewegen zu k\u00f6nnen. Dabei ist Zugang zu Mobilit\u00e4t eine Grundvoraussetzung f\u00fcr soziale Teilhabe. Wem dieser Zugang fehlt, ist in gro\u00dfen Teilen von der Gesellschaft ausgeschlossen, mit verminderten Chancen und M\u00f6glichkeiten im Leben.[\/vc_column_text][\/vc_column][\/vc_row][vc_row][vc_column][vc_column_text]<\/p>\n<h2>Zugang zu Bildung<\/h2>\n<h2><\/h2>\n<p>[\/vc_column_text][\/vc_column][vc_column width=&#8221;1\/2&#8243;][vc_single_image image=&#8221;21712&#8243; img_size=&#8221;500&#215;300&#8243;][\/vc_column][vc_column width=&#8221;1\/2&#8243;][vc_column_text]Weltweit gehen gesch\u00e4tzt <a href=\"https:\/\/www.tagesspiegel.de\/politik\/mehr-als-250-millionen-kinder-ohne-zugang-zu-bildung-4176760.html\" target=\"_blank\" rel=\"noopener\">250 Millionen Kinder nicht zu Schule<\/a>. Ein Hindernis kann der Schulweg sein. \u00dcber eine Milliarde Menschen leben mehr als 2 km von einer befestigten Stra\u00dfe entfernt. Viele Jungen und M\u00e4dchen m\u00fcssen mehrst\u00fcndige Fu\u00dfm\u00e4rsche auf sich nehmen, um zur Schule zu gelangen. Vielerorts ist Weg zur Schule nicht nur lang, sondern auch gef\u00e4hrlich \u2013 insbesondere f\u00fcr M\u00e4dchen. Vielen bleibt der Zugang zu Bildung also im wahrsten Sinne des Wortes verwehrt.<\/p>\n<p>Dass der Bau besserer Stra\u00dfen dem entgegenwirken kann, zeigt ein Beispiel aus Marokko: Dort stieg die Einschulungsrate von M\u00e4dchen in der Grundschule von 17 auf 54 Prozent als sich der Zugang zur Stra\u00dfe verbesserte.[\/vc_column_text][\/vc_column][\/vc_row][vc_row][vc_column][vc_column_text]<\/p>\n<h2>Zugang zum Arbeitsmarkt<\/h2>\n<p>[\/vc_column_text][\/vc_column][vc_column width=&#8221;1\/2&#8243;][vc_column_text]Ein gerechtes Mobilit\u00e4tsangebot bessert den Zugang zu Arbeitspl\u00e4tzen. Wer arbeiten will, muss schlie\u00dflich irgendwie zur Arbeitsstelle gelangen. Und nicht nur in l\u00e4ndlichen Gebieten, sondern auch in St\u00e4dten ist dies h\u00e4ufig gar nicht so einfach. In Zeiten der Urbanisierung h\u00e4lt die \u00f6ffentliche Verkehrsinfrastruktur nicht \u00fcberall mit der wachsenden Bev\u00f6lkerung Schritt. Nur rund die H\u00e4lfte aller in St\u00e4dten lebenden Menschen hat ausreichenden Zugang zum \u00f6ffentlichen Nahverkehr. Gerade in Metropolen sind \u00e4rmere Viertel h\u00e4ufig regelrecht abgeschnitten. \u00a0Eine Ausweitung von nachhaltigen Transportm\u00f6glichkeiten ist hier ein wirksames Mittel, um soziale Eingliederung zu f\u00f6rdern.[\/vc_column_text][\/vc_column][vc_column width=&#8221;1\/2&#8243;][vc_single_image image=&#8221;21726&#8243; img_size=&#8221;500&#215;300&#8243;][\/vc_column][\/vc_row][vc_row][vc_column][vc_column_text]\u00d6PNV-Projekte, die Randgebiete gezielt anbinden, er\u00f6ffnen neue Perspektiven und helfen dabei, mehr Menschen in (gute) Besch\u00e4ftigung zu bringen. Beispiele daf\u00fcr sind die neue Metro in Lima oder die Seilbahn in La Paz, Bolivien, die die \u00e4rmsten Viertel mit dem Stadtzentrum verbinden.<\/p>\n<p>Die \u00f6ffentlichen Verkehrsmittel m\u00fcssen dabei nicht nur erschwinglich, sondern auch sicher sein. Vor allem f\u00fcr Frauen ist dies ein wesentlicher Aspekt. Eine von sechs Frauen weltweit sucht aus Angst vor Bel\u00e4stigungen im \u00d6PNV nicht nach einem Arbeitsplatz.[\/vc_column_text][\/vc_column][\/vc_row][vc_row][vc_column][vc_column_text]<\/p>\n<h2>Zugang zu medizinischer Versorgung<\/h2>\n<p>[\/vc_column_text][\/vc_column][\/vc_row][vc_row][vc_column width=&#8221;1\/2&#8243;][vc_single_image image=&#8221;21733&#8243; img_size=&#8221;500&#215;300&#8243;][\/vc_column][vc_column width=&#8221;1\/2&#8243;][vc_column_text css=&#8221;&#8221;]F\u00fcr Milliarden Menschen weltweit gibt es keine angemessenen und bezahlbaren Gesundheitsversorgung. In vielen Entwicklungsl\u00e4ndern fehlen die finanziellen Mittel und das Personal, um ein funktionierendes und fl\u00e4chendeckendes Gesundheitssystem aufzubauen. F\u00fcr viele Menschen ist der n\u00e4chste Arzt also viel zu weit entfernt, ihn zu erreichen viel zu teuer. So gaben beispielsweise bei einer Studie im Sudan 50 Prozent der befragten Eltern an, dass hohe Transportkosten, sie davon abhalten w\u00fcrden, ihre Kinder bei Bedarf in ein Krankenhaus zu bringen.[\/vc_column_text][\/vc_column][\/vc_row][vc_row][vc_column][vc_column_text]Wie wichtig der Zugang zu Mobilit\u00e4t ist, wenn es um die medizinische Versorgung geht, zeigt auch eine Auswertung aus Pakistan: Frauen, die Anschluss an eine Stra\u00dfe haben, gehen mit einer doppelt so hohen Wahrscheinlichkeit (14 zu 28 Prozent) zu Schwangerschaftskontrollterminen.[\/vc_column_text][\/vc_column][\/vc_row][vc_row][vc_column][vc_column_text]<\/p>\n<h2>Zugang zum gesellschaftlichen Leben<\/h2>\n<p>[\/vc_column_text][\/vc_column][\/vc_row][vc_row][vc_column width=&#8221;1\/2&#8243;][vc_column_text]Zugang zu Mobilit\u00e4t bedeutet aber immer auch Zugang zu gesellschaftlichem Leben, zu Freizeit, Kultur oder Austausch mit anderen Menschen.<\/p>\n<p>Auch reiche Industrienationen haben, was eine gerechte Mobilit\u00e4t f\u00fcr alle angeht, noch viel Luft nach oben \u2013 benachteiligt sind hier h\u00e4ufig \u00e4ltere Menschen, Kinder, Jugendliche, Behinderte, Menschen in Armut und Migrant*innen. In den USA fahren zum Beispiel 16 Prozent und damit fast 100 Millionen Menschen kein Auto, weil sie es sich nicht leisten k\u00f6nnen, sie keinen F\u00fchrerschein haben oder weil sie aufgrund von Alter oder einer Behinderung eingeschr\u00e4nkt sind.[\/vc_column_text][\/vc_column][vc_column width=&#8221;1\/2&#8243;][vc_single_image image=&#8221;21719&#8243; img_size=&#8221;500&#215;300&#8243;][\/vc_column][\/vc_row][vc_row][vc_column][vc_column_text]Zudem haben 45 Prozent der Amerikaner*innen keinen Zugang zu \u00f6ffentlichen Verkehrsmitteln. Weltweit ist auch heute noch ein Gro\u00dfteil der urbanen Verkehrssysteme nicht barrierefrei, was selbst k\u00fcrzeste Fahrten f\u00fcr Menschen mit Behinderung logistisch sehr aufw\u00e4ndig macht.[\/vc_column_text][\/vc_column][\/vc_row][vc_row][vc_column][vc_column_text]<\/p>\n<h2>Die #MobilityisaHumanRide Kampagne<\/h2>\n<p>[\/vc_column_text][\/vc_column][\/vc_row][vc_row][vc_column width=&#8221;1\/2&#8243;][vc_single_image image=&#8221;21740&#8243; img_size=&#8221;500&#215;300&#8243;][\/vc_column][vc_column width=&#8221;1\/2&#8243;][vc_column_text]Eine inklusive Mobilit\u00e4t muss an den unterschiedlichen Mobilit\u00e4tsbed\u00fcrfnissen der Menschen ausgerichtet und f\u00fcr alle verf\u00fcgbar, erschwinglich, barrierefrei und sicher sein. Um Aufmerksamkeit auf die entscheidende Rolle des \u00f6ffentlichen Verkehrs und nachhaltiger Modi <a href=\"https:\/\/blog.ptvgroup.com\/de\/stadt-und-mobilitaet\/warum-mobilitaet-divers-und-inklusiv-sein-muss\/\" target=\"_blank\" rel=\"noopener\">f\u00fcr eine diverse, gerechte und zukunftsorientierte Mobilit\u00e4t<\/a> zu lenken, haben wir die <a href=\"https:\/\/www.ptvgroup.com\/en\/mobilityisahumanride\" target=\"_blank\" rel=\"noopener\">Kampagne #MobilityisaHumanRide<\/a> initiiert.<\/p>\n<p>[\/vc_column_text][\/vc_column][\/vc_row][vc_row][vc_column][vc_column_text]Wir freuen uns, wenn ihr die Aktion auf LinkedIn unterst\u00fctzt. Postet dazu ein in Bild von euch mit einem Pappschild, auf dem der Slogan \u201eMobility is a Human Ride\u201c zu lesen ist, gemeinsam mit dem Hashtag #MobilityisaHumanRide und einem Statement zur Bedeutung der Mobilit\u00e4t.<\/p>\n<p>Wenn ihr zudem @PTV Group verlinkt, tut ihr damit sogar noch was Gutes: Wir spenden\u00a0 1 Euro pro Post an ein Mobilit\u00e4tsprojekt des <a href=\"https:\/\/www.wri.org\/\" target=\"_blank\" rel=\"noopener\">World Resources Instituts<\/a>. Denn alle Menschen haben ein Recht auf das Grundrecht Mobilit\u00e4t.[\/vc_column_text][\/vc_column][\/vc_row][vc_row][vc_column][vc_cta h2=&#8221;&#8221; shape=&#8221;square&#8221; style=&#8221;flat&#8221; color=&#8221;black&#8221; add_button=&#8221;bottom&#8221; btn_title=&#8221;Mehr zur Kampagne&#8221; btn_style=&#8221;flat&#8221; btn_shape=&#8221;square&#8221; btn_color=&#8221;white&#8221; btn_link=&#8221;url:https%3A%2F%2Fwww.ptvgroup.com%2Fen%2Fmobilityisahumanride|target:_blank&#8221;]<\/p>\n<h2>\u00a0#MobilityisaHumanRide<\/h2>\n<p>Werdet Teil unserer Bewegung indem ihr eurer Pappschild-Foto mit einem Statement auf LinkedIn postet.[\/vc_cta][\/vc_column][\/vc_row][vc_row][vc_column][vc_column_text]<\/p>\n<h2 style=\"text-align: left;\">Related Products<\/h2>\n<p>[\/vc_column_text][\/vc_column][\/vc_row][vc_row][vc_column width=&#8221;1\/3&#8243;][vc_cta h2=&#8221;PTV Visum&#8221; shape=&#8221;square&#8221; style=&#8221;custom&#8221; add_button=&#8221;bottom&#8221; btn_title=&#8221;Learn more&#8221; css=&#8221;&#8221; el_class=&#8221;product-teaser&#8221; btn_link=&#8221;url:https%3A%2F%2Fwww.ptvgroup.com%2Fde%2Fprodukte%2Fptv-visum|target:_blank&#8221;]<span class=\"ui-provider cky ckz c d e f g h i j k l m n o p q r s t cla clb w x y z ab ac ae af ag ah ai aj ak\" dir=\"ltr\">Multimodal Transport Planning<\/span>[\/vc_cta][\/vc_column][vc_column width=&#8221;1\/3&#8243;][vc_cta h2=&#8221;PTV Model2Go&#8221; shape=&#8221;square&#8221; style=&#8221;custom&#8221; add_button=&#8221;bottom&#8221; btn_title=&#8221;Learn more&#8221; css=&#8221;&#8221; el_class=&#8221;product-teaser&#8221; btn_link=&#8221;url:https%3A%2F%2Fwww.ptvgroup.com%2Fde%2Fprodukte%2Fptv-model2go|target:_blank&#8221;]<span class=\"ui-provider cky ckz c d e f g h i j k l m n o p q r s t cla clb w x y z ab ac ae af ag ah ai aj ak\" dir=\"ltr\">Ready-to-use transport model in just one week<\/span>[\/vc_cta][\/vc_column][vc_column width=&#8221;1\/3&#8243;][vc_cta h2=&#8221;PTV Access&#8221; shape=&#8221;square&#8221; style=&#8221;custom&#8221; add_button=&#8221;bottom&#8221; btn_title=&#8221;Learn more&#8221; css=&#8221;&#8221; el_class=&#8221;product-teaser&#8221; btn_link=&#8221;url:https%3A%2F%2Fwww.ptvgroup.com%2Fde%2Fprodukte%2Fptv-access|target:_blank&#8221;]<span class=\"ui-provider cky ckz c d e f g h i j k l m n o p q r s t cla clb w x y z ab ac ae af ag ah ai aj ak\" dir=\"ltr\">Accessibility score<\/span>[\/vc_cta][\/vc_column][\/vc_row]<\/p>\n<\/div>","protected":false},"excerpt":{"rendered":"<p class=\"card-text\">Wir beleuchten, warum  Zugang zu Mobilit\u00e4t ein grundlegendes Menschenrecht ist, das sich auf Bildung, Besch\u00e4ftigung, Gesundheit und soziale Eingliederung auswirkt. Unterst\u00fctzt die Aktion #MobilityisaHumanRide! [&#8230;]<\/p>\n<p class=\"m-0\"><a class=\"btn btn-outline-secondary btn-read-more\" href=\"https:\/\/blog.ptvgroup.com\/de\/trendthemen\/zugang-zu-mobilitaet-als-grundrecht\/\">Weiterlesen<\/a><\/p>\n","protected":false},"author":13,"featured_media":21747,"comment_status":"open","ping_status":"closed","sticky":false,"template":"","format":"standard","meta":{"footnotes":""},"categories":[8336],"tags":[8416,8364],"ppma_author":[8266],"class_list":["post-21754","post","type-post","status-publish","format-standard","has-post-thumbnail","hentry","category-trendthemen","tag-erreichbarkeit","tag-urbane-mobilitaet"],"yoast_head":"<!-- This site is optimized with the Yoast SEO Premium plugin v27.0 (Yoast SEO v27.5) - https:\/\/yoast.com\/product\/yoast-seo-premium-wordpress\/ -->\n<title>Warum Zugang zu Mobilit\u00e4t ein Grundrecht sein muss | PTV Blog<\/title>\n<meta name=\"description\" content=\"Zugang zu Mobilit\u00e4t ist ein grundlegendes Menschenrecht, das sich auf Bildung, Besch\u00e4ftigung, Gesundheit und soziale Eingliederung auswirkt.\" \/>\n<meta name=\"robots\" content=\"index, follow, max-snippet:-1, max-image-preview:large, max-video-preview:-1\" \/>\n<link rel=\"canonical\" href=\"https:\/\/blog.ptvgroup.com\/de\/trendthemen\/zugang-zu-mobilitaet-als-grundrecht\/\" \/>\n<meta property=\"og:locale\" content=\"de_DE\" \/>\n<meta property=\"og:type\" content=\"article\" \/>\n<meta property=\"og:title\" content=\"Warum Zugang zu Mobilit\u00e4t ein Grundrecht sein muss\" \/>\n<meta property=\"og:description\" content=\"Zugang zu Mobilit\u00e4t ist ein grundlegendes Menschenrecht, das sich auf Bildung, Besch\u00e4ftigung, Gesundheit und soziale Eingliederung auswirkt.\" \/>\n<meta property=\"og:url\" content=\"https:\/\/blog.ptvgroup.com\/de\/trendthemen\/zugang-zu-mobilitaet-als-grundrecht\/\" \/>\n<meta property=\"og:site_name\" content=\"PTV Blog\" \/>\n<meta property=\"article:publisher\" content=\"https:\/\/www.facebook.com\/PTVGroupGlobal\/\" \/>\n<meta property=\"article:published_time\" content=\"2023-09-20T08:00:19+00:00\" \/>\n<meta property=\"article:modified_time\" content=\"2026-01-22T12:49:12+00:00\" \/>\n<meta property=\"og:image\" content=\"https:\/\/blog.ptvgroup.com\/wp-content\/uploads\/2023\/08\/MobilityisaHumanRide.png\" \/>\n\t<meta property=\"og:image:width\" content=\"1025\" \/>\n\t<meta property=\"og:image:height\" content=\"577\" \/>\n\t<meta property=\"og:image:type\" content=\"image\/png\" \/>\n<meta name=\"author\" content=\"Stefanie Schmidt\" \/>\n<meta name=\"twitter:card\" content=\"summary_large_image\" \/>\n<meta name=\"twitter:label1\" content=\"Verfasst von\" \/>\n\t<meta name=\"twitter:data1\" content=\"Stefanie Schmidt\" \/>\n\t<meta name=\"twitter:label2\" content=\"Gesch\u00e4tzte Lesezeit\" \/>\n\t<meta name=\"twitter:data2\" content=\"4\u00a0Minuten\" \/>\n<script type=\"application\/ld+json\" class=\"yoast-schema-graph\">{\"@context\":\"https:\\\/\\\/schema.org\",\"@graph\":[{\"@type\":\"Article\",\"@id\":\"https:\\\/\\\/blog.ptvgroup.com\\\/de\\\/trendthemen\\\/zugang-zu-mobilitaet-als-grundrecht\\\/#article\",\"isPartOf\":{\"@id\":\"https:\\\/\\\/blog.ptvgroup.com\\\/de\\\/trendthemen\\\/zugang-zu-mobilitaet-als-grundrecht\\\/\"},\"author\":{\"name\":\"Stefanie Schmidt\",\"@id\":\"https:\\\/\\\/blog.ptvgroup.com\\\/de\\\/#\\\/schema\\\/person\\\/01208bd7993998162da7dfccc5431421\"},\"headline\":\"Warum Zugang zu Mobilit\u00e4t ein Grundrecht sein muss\",\"datePublished\":\"2023-09-20T08:00:19+00:00\",\"dateModified\":\"2026-01-22T12:49:12+00:00\",\"mainEntityOfPage\":{\"@id\":\"https:\\\/\\\/blog.ptvgroup.com\\\/de\\\/trendthemen\\\/zugang-zu-mobilitaet-als-grundrecht\\\/\"},\"wordCount\":1262,\"commentCount\":0,\"publisher\":{\"@id\":\"https:\\\/\\\/blog.ptvgroup.com\\\/de\\\/#organization\"},\"image\":{\"@id\":\"https:\\\/\\\/blog.ptvgroup.com\\\/de\\\/trendthemen\\\/zugang-zu-mobilitaet-als-grundrecht\\\/#primaryimage\"},\"thumbnailUrl\":\"https:\\\/\\\/blog.ptvgroup.com\\\/wp-content\\\/uploads\\\/2023\\\/08\\\/MobilityisaHumanRide.png\",\"keywords\":[\"Erreichbarkeit\",\"Urbane Mobilit\u00e4t\"],\"articleSection\":[\"Trendthemen\"],\"inLanguage\":\"de\",\"potentialAction\":[{\"@type\":\"CommentAction\",\"name\":\"Comment\",\"target\":[\"https:\\\/\\\/blog.ptvgroup.com\\\/de\\\/trendthemen\\\/zugang-zu-mobilitaet-als-grundrecht\\\/#respond\"]}]},{\"@type\":\"WebPage\",\"@id\":\"https:\\\/\\\/blog.ptvgroup.com\\\/de\\\/trendthemen\\\/zugang-zu-mobilitaet-als-grundrecht\\\/\",\"url\":\"https:\\\/\\\/blog.ptvgroup.com\\\/de\\\/trendthemen\\\/zugang-zu-mobilitaet-als-grundrecht\\\/\",\"name\":\"Warum Zugang zu Mobilit\u00e4t ein Grundrecht sein muss | PTV Blog\",\"isPartOf\":{\"@id\":\"https:\\\/\\\/blog.ptvgroup.com\\\/de\\\/#website\"},\"primaryImageOfPage\":{\"@id\":\"https:\\\/\\\/blog.ptvgroup.com\\\/de\\\/trendthemen\\\/zugang-zu-mobilitaet-als-grundrecht\\\/#primaryimage\"},\"image\":{\"@id\":\"https:\\\/\\\/blog.ptvgroup.com\\\/de\\\/trendthemen\\\/zugang-zu-mobilitaet-als-grundrecht\\\/#primaryimage\"},\"thumbnailUrl\":\"https:\\\/\\\/blog.ptvgroup.com\\\/wp-content\\\/uploads\\\/2023\\\/08\\\/MobilityisaHumanRide.png\",\"datePublished\":\"2023-09-20T08:00:19+00:00\",\"dateModified\":\"2026-01-22T12:49:12+00:00\",\"description\":\"Zugang zu Mobilit\u00e4t ist ein grundlegendes Menschenrecht, das sich auf Bildung, Besch\u00e4ftigung, Gesundheit und soziale Eingliederung auswirkt.\",\"breadcrumb\":{\"@id\":\"https:\\\/\\\/blog.ptvgroup.com\\\/de\\\/trendthemen\\\/zugang-zu-mobilitaet-als-grundrecht\\\/#breadcrumb\"},\"inLanguage\":\"de\",\"potentialAction\":[{\"@type\":\"ReadAction\",\"target\":[\"https:\\\/\\\/blog.ptvgroup.com\\\/de\\\/trendthemen\\\/zugang-zu-mobilitaet-als-grundrecht\\\/\"]}]},{\"@type\":\"ImageObject\",\"inLanguage\":\"de\",\"@id\":\"https:\\\/\\\/blog.ptvgroup.com\\\/de\\\/trendthemen\\\/zugang-zu-mobilitaet-als-grundrecht\\\/#primaryimage\",\"url\":\"https:\\\/\\\/blog.ptvgroup.com\\\/wp-content\\\/uploads\\\/2023\\\/08\\\/MobilityisaHumanRide.png\",\"contentUrl\":\"https:\\\/\\\/blog.ptvgroup.com\\\/wp-content\\\/uploads\\\/2023\\\/08\\\/MobilityisaHumanRide.png\",\"width\":1025,\"height\":577,\"caption\":\"Die #MobilityisaHumanRide Kampagne der PTV Group will Aufmerksamkeit auf die entscheidende Rolle des \u00f6ffentlichen Verkehrs und nachhaltiger Modi f\u00fcr eine diverse, gerechte und zukunftsorientierte Mobilit\u00e4t lenken.\"},{\"@type\":\"BreadcrumbList\",\"@id\":\"https:\\\/\\\/blog.ptvgroup.com\\\/de\\\/trendthemen\\\/zugang-zu-mobilitaet-als-grundrecht\\\/#breadcrumb\",\"itemListElement\":[{\"@type\":\"ListItem\",\"position\":1,\"name\":\"Startseite\",\"item\":\"https:\\\/\\\/blog.ptvgroup.com\\\/de\\\/\"},{\"@type\":\"ListItem\",\"position\":2,\"name\":\"Warum Zugang zu Mobilit\u00e4t ein Grundrecht sein muss\"}]},{\"@type\":\"WebSite\",\"@id\":\"https:\\\/\\\/blog.ptvgroup.com\\\/de\\\/#website\",\"url\":\"https:\\\/\\\/blog.ptvgroup.com\\\/de\\\/\",\"name\":\"PTV Blog\",\"description\":\"Explore with us how technology drives the future of mobility toward a cleaner, smarter, and safer world.\",\"publisher\":{\"@id\":\"https:\\\/\\\/blog.ptvgroup.com\\\/de\\\/#organization\"},\"potentialAction\":[{\"@type\":\"SearchAction\",\"target\":{\"@type\":\"EntryPoint\",\"urlTemplate\":\"https:\\\/\\\/blog.ptvgroup.com\\\/de\\\/?s={search_term_string}\"},\"query-input\":{\"@type\":\"PropertyValueSpecification\",\"valueRequired\":true,\"valueName\":\"search_term_string\"}}],\"inLanguage\":\"de\"},{\"@type\":\"Organization\",\"@id\":\"https:\\\/\\\/blog.ptvgroup.com\\\/de\\\/#organization\",\"name\":\"PTV Group\",\"url\":\"https:\\\/\\\/blog.ptvgroup.com\\\/de\\\/\",\"logo\":{\"@type\":\"ImageObject\",\"inLanguage\":\"de\",\"@id\":\"https:\\\/\\\/blog.ptvgroup.com\\\/de\\\/#\\\/schema\\\/logo\\\/image\\\/\",\"url\":\"https:\\\/\\\/blog.ptvgroup.com\\\/wp-content\\\/uploads\\\/2021\\\/11\\\/PTV_Group_Logo_black.jpg\",\"contentUrl\":\"https:\\\/\\\/blog.ptvgroup.com\\\/wp-content\\\/uploads\\\/2021\\\/11\\\/PTV_Group_Logo_black.jpg\",\"width\":1598,\"height\":362,\"caption\":\"PTV Group\"},\"image\":{\"@id\":\"https:\\\/\\\/blog.ptvgroup.com\\\/de\\\/#\\\/schema\\\/logo\\\/image\\\/\"},\"sameAs\":[\"https:\\\/\\\/www.facebook.com\\\/PTVGroupGlobal\\\/\",\"https:\\\/\\\/www.instagram.com\\\/ptv_group\\\/\",\"https:\\\/\\\/www.linkedin.com\\\/company\\\/ptv\\\/\",\"https:\\\/\\\/www.youtube.com\\\/user\\\/ThePTVGroup\",\"https:\\\/\\\/www.tiktok.com\\\/@ptv_group\\\/\"],\"description\":\"Our goal is to drive the future of mobility toward a cleaner, smarter, and safer world. With a legacy spanning over 40 years as a leading global software company for traffic planning, simulation, and real-time management, we have garnered extensive experience in the field of mobility.\",\"email\":\"info@ptvgroup.com\",\"telephone\":\"+49 721 9651-0\",\"legalName\":\"PTV Planung Transport Verkehr GmbH\",\"foundingDate\":\"1979-01-01\",\"vatID\":\"Umsatzsteuer-Identifikationsnummer gem\u00e4\u00df \u00a7 27a Umsatzsteuergesetz (UStG): DE 812 666 053\",\"numberOfEmployees\":{\"@type\":\"QuantitativeValue\",\"minValue\":\"201\",\"maxValue\":\"500\"}},{\"@type\":\"Person\",\"@id\":\"https:\\\/\\\/blog.ptvgroup.com\\\/de\\\/#\\\/schema\\\/person\\\/01208bd7993998162da7dfccc5431421\",\"name\":\"Stefanie Schmidt\",\"image\":{\"@type\":\"ImageObject\",\"inLanguage\":\"de\",\"@id\":\"https:\\\/\\\/secure.gravatar.com\\\/avatar\\\/03f4afe93d67a34b3645a3a7ec1a9c167d1bfb5ecf6d1e49794a1d09fd6108ff?s=96&d=blank&r=g2be7e52f46e7f47592a73f21f40a9e34\",\"url\":\"https:\\\/\\\/secure.gravatar.com\\\/avatar\\\/03f4afe93d67a34b3645a3a7ec1a9c167d1bfb5ecf6d1e49794a1d09fd6108ff?s=96&d=blank&r=g\",\"contentUrl\":\"https:\\\/\\\/secure.gravatar.com\\\/avatar\\\/03f4afe93d67a34b3645a3a7ec1a9c167d1bfb5ecf6d1e49794a1d09fd6108ff?s=96&d=blank&r=g\",\"caption\":\"Stefanie Schmidt\"},\"description\":\"Sustainable mobility, including cycling, autonomous driving, road safety, and innovative technologies, captivates Steffi's interest for diverse writing\",\"url\":\"https:\\\/\\\/blog.ptvgroup.com\\\/de\\\/author\\\/stefanie-schmidt\\\/\"}]}<\/script>\n<!-- \/ Yoast SEO Premium plugin. -->","yoast_head_json":{"title":"Warum Zugang zu Mobilit\u00e4t ein Grundrecht sein muss | PTV Blog","description":"Zugang zu Mobilit\u00e4t ist ein grundlegendes Menschenrecht, das sich auf Bildung, Besch\u00e4ftigung, Gesundheit und soziale Eingliederung auswirkt.","robots":{"index":"index","follow":"follow","max-snippet":"max-snippet:-1","max-image-preview":"max-image-preview:large","max-video-preview":"max-video-preview:-1"},"canonical":"https:\/\/blog.ptvgroup.com\/de\/trendthemen\/zugang-zu-mobilitaet-als-grundrecht\/","og_locale":"de_DE","og_type":"article","og_title":"Warum Zugang zu Mobilit\u00e4t ein Grundrecht sein muss","og_description":"Zugang zu Mobilit\u00e4t ist ein grundlegendes Menschenrecht, das sich auf Bildung, Besch\u00e4ftigung, Gesundheit und soziale Eingliederung auswirkt.","og_url":"https:\/\/blog.ptvgroup.com\/de\/trendthemen\/zugang-zu-mobilitaet-als-grundrecht\/","og_site_name":"PTV Blog","article_publisher":"https:\/\/www.facebook.com\/PTVGroupGlobal\/","article_published_time":"2023-09-20T08:00:19+00:00","article_modified_time":"2026-01-22T12:49:12+00:00","og_image":[{"width":1025,"height":577,"url":"https:\/\/blog.ptvgroup.com\/wp-content\/uploads\/2023\/08\/MobilityisaHumanRide.png","type":"image\/png"}],"author":"Stefanie Schmidt","twitter_card":"summary_large_image","twitter_misc":{"Verfasst von":"Stefanie Schmidt","Gesch\u00e4tzte Lesezeit":"4\u00a0Minuten"},"schema":{"@context":"https:\/\/schema.org","@graph":[{"@type":"Article","@id":"https:\/\/blog.ptvgroup.com\/de\/trendthemen\/zugang-zu-mobilitaet-als-grundrecht\/#article","isPartOf":{"@id":"https:\/\/blog.ptvgroup.com\/de\/trendthemen\/zugang-zu-mobilitaet-als-grundrecht\/"},"author":{"name":"Stefanie Schmidt","@id":"https:\/\/blog.ptvgroup.com\/de\/#\/schema\/person\/01208bd7993998162da7dfccc5431421"},"headline":"Warum Zugang zu Mobilit\u00e4t ein Grundrecht sein muss","datePublished":"2023-09-20T08:00:19+00:00","dateModified":"2026-01-22T12:49:12+00:00","mainEntityOfPage":{"@id":"https:\/\/blog.ptvgroup.com\/de\/trendthemen\/zugang-zu-mobilitaet-als-grundrecht\/"},"wordCount":1262,"commentCount":0,"publisher":{"@id":"https:\/\/blog.ptvgroup.com\/de\/#organization"},"image":{"@id":"https:\/\/blog.ptvgroup.com\/de\/trendthemen\/zugang-zu-mobilitaet-als-grundrecht\/#primaryimage"},"thumbnailUrl":"https:\/\/blog.ptvgroup.com\/wp-content\/uploads\/2023\/08\/MobilityisaHumanRide.png","keywords":["Erreichbarkeit","Urbane Mobilit\u00e4t"],"articleSection":["Trendthemen"],"inLanguage":"de","potentialAction":[{"@type":"CommentAction","name":"Comment","target":["https:\/\/blog.ptvgroup.com\/de\/trendthemen\/zugang-zu-mobilitaet-als-grundrecht\/#respond"]}]},{"@type":"WebPage","@id":"https:\/\/blog.ptvgroup.com\/de\/trendthemen\/zugang-zu-mobilitaet-als-grundrecht\/","url":"https:\/\/blog.ptvgroup.com\/de\/trendthemen\/zugang-zu-mobilitaet-als-grundrecht\/","name":"Warum Zugang zu Mobilit\u00e4t ein Grundrecht sein muss | PTV Blog","isPartOf":{"@id":"https:\/\/blog.ptvgroup.com\/de\/#website"},"primaryImageOfPage":{"@id":"https:\/\/blog.ptvgroup.com\/de\/trendthemen\/zugang-zu-mobilitaet-als-grundrecht\/#primaryimage"},"image":{"@id":"https:\/\/blog.ptvgroup.com\/de\/trendthemen\/zugang-zu-mobilitaet-als-grundrecht\/#primaryimage"},"thumbnailUrl":"https:\/\/blog.ptvgroup.com\/wp-content\/uploads\/2023\/08\/MobilityisaHumanRide.png","datePublished":"2023-09-20T08:00:19+00:00","dateModified":"2026-01-22T12:49:12+00:00","description":"Zugang zu Mobilit\u00e4t ist ein grundlegendes Menschenrecht, das sich auf Bildung, Besch\u00e4ftigung, Gesundheit und soziale Eingliederung auswirkt.","breadcrumb":{"@id":"https:\/\/blog.ptvgroup.com\/de\/trendthemen\/zugang-zu-mobilitaet-als-grundrecht\/#breadcrumb"},"inLanguage":"de","potentialAction":[{"@type":"ReadAction","target":["https:\/\/blog.ptvgroup.com\/de\/trendthemen\/zugang-zu-mobilitaet-als-grundrecht\/"]}]},{"@type":"ImageObject","inLanguage":"de","@id":"https:\/\/blog.ptvgroup.com\/de\/trendthemen\/zugang-zu-mobilitaet-als-grundrecht\/#primaryimage","url":"https:\/\/blog.ptvgroup.com\/wp-content\/uploads\/2023\/08\/MobilityisaHumanRide.png","contentUrl":"https:\/\/blog.ptvgroup.com\/wp-content\/uploads\/2023\/08\/MobilityisaHumanRide.png","width":1025,"height":577,"caption":"Die #MobilityisaHumanRide Kampagne der PTV Group will Aufmerksamkeit auf die entscheidende Rolle des \u00f6ffentlichen Verkehrs und nachhaltiger Modi f\u00fcr eine diverse, gerechte und zukunftsorientierte Mobilit\u00e4t lenken."},{"@type":"BreadcrumbList","@id":"https:\/\/blog.ptvgroup.com\/de\/trendthemen\/zugang-zu-mobilitaet-als-grundrecht\/#breadcrumb","itemListElement":[{"@type":"ListItem","position":1,"name":"Startseite","item":"https:\/\/blog.ptvgroup.com\/de\/"},{"@type":"ListItem","position":2,"name":"Warum Zugang zu Mobilit\u00e4t ein Grundrecht sein muss"}]},{"@type":"WebSite","@id":"https:\/\/blog.ptvgroup.com\/de\/#website","url":"https:\/\/blog.ptvgroup.com\/de\/","name":"PTV Blog","description":"Explore with us how technology drives the future of mobility toward a cleaner, smarter, and safer world.","publisher":{"@id":"https:\/\/blog.ptvgroup.com\/de\/#organization"},"potentialAction":[{"@type":"SearchAction","target":{"@type":"EntryPoint","urlTemplate":"https:\/\/blog.ptvgroup.com\/de\/?s={search_term_string}"},"query-input":{"@type":"PropertyValueSpecification","valueRequired":true,"valueName":"search_term_string"}}],"inLanguage":"de"},{"@type":"Organization","@id":"https:\/\/blog.ptvgroup.com\/de\/#organization","name":"PTV Group","url":"https:\/\/blog.ptvgroup.com\/de\/","logo":{"@type":"ImageObject","inLanguage":"de","@id":"https:\/\/blog.ptvgroup.com\/de\/#\/schema\/logo\/image\/","url":"https:\/\/blog.ptvgroup.com\/wp-content\/uploads\/2021\/11\/PTV_Group_Logo_black.jpg","contentUrl":"https:\/\/blog.ptvgroup.com\/wp-content\/uploads\/2021\/11\/PTV_Group_Logo_black.jpg","width":1598,"height":362,"caption":"PTV Group"},"image":{"@id":"https:\/\/blog.ptvgroup.com\/de\/#\/schema\/logo\/image\/"},"sameAs":["https:\/\/www.facebook.com\/PTVGroupGlobal\/","https:\/\/www.instagram.com\/ptv_group\/","https:\/\/www.linkedin.com\/company\/ptv\/","https:\/\/www.youtube.com\/user\/ThePTVGroup","https:\/\/www.tiktok.com\/@ptv_group\/"],"description":"Our goal is to drive the future of mobility toward a cleaner, smarter, and safer world. With a legacy spanning over 40 years as a leading global software company for traffic planning, simulation, and real-time management, we have garnered extensive experience in the field of mobility.","email":"info@ptvgroup.com","telephone":"+49 721 9651-0","legalName":"PTV Planung Transport Verkehr GmbH","foundingDate":"1979-01-01","vatID":"Umsatzsteuer-Identifikationsnummer gem\u00e4\u00df \u00a7 27a Umsatzsteuergesetz (UStG): DE 812 666 053","numberOfEmployees":{"@type":"QuantitativeValue","minValue":"201","maxValue":"500"}},{"@type":"Person","@id":"https:\/\/blog.ptvgroup.com\/de\/#\/schema\/person\/01208bd7993998162da7dfccc5431421","name":"Stefanie Schmidt","image":{"@type":"ImageObject","inLanguage":"de","@id":"https:\/\/secure.gravatar.com\/avatar\/03f4afe93d67a34b3645a3a7ec1a9c167d1bfb5ecf6d1e49794a1d09fd6108ff?s=96&d=blank&r=g2be7e52f46e7f47592a73f21f40a9e34","url":"https:\/\/secure.gravatar.com\/avatar\/03f4afe93d67a34b3645a3a7ec1a9c167d1bfb5ecf6d1e49794a1d09fd6108ff?s=96&d=blank&r=g","contentUrl":"https:\/\/secure.gravatar.com\/avatar\/03f4afe93d67a34b3645a3a7ec1a9c167d1bfb5ecf6d1e49794a1d09fd6108ff?s=96&d=blank&r=g","caption":"Stefanie Schmidt"},"description":"Sustainable mobility, including cycling, autonomous driving, road safety, and innovative technologies, captivates Steffi's interest for diverse writing","url":"https:\/\/blog.ptvgroup.com\/de\/author\/stefanie-schmidt\/"}]}},"authors":[{"term_id":8266,"user_id":13,"is_guest":0,"slug":"stefanie-schmidt","display_name":"Stefanie Schmidt","avatar_url":"https:\/\/secure.gravatar.com\/avatar\/03f4afe93d67a34b3645a3a7ec1a9c167d1bfb5ecf6d1e49794a1d09fd6108ff?s=96&d=blank&r=g","0":null,"1":"","2":"","3":"","4":"","5":"","6":"","7":"","8":""}],"_links":{"self":[{"href":"https:\/\/blog.ptvgroup.com\/de\/wp-json\/wp\/v2\/posts\/21754","targetHints":{"allow":["GET"]}}],"collection":[{"href":"https:\/\/blog.ptvgroup.com\/de\/wp-json\/wp\/v2\/posts"}],"about":[{"href":"https:\/\/blog.ptvgroup.com\/de\/wp-json\/wp\/v2\/types\/post"}],"author":[{"embeddable":true,"href":"https:\/\/blog.ptvgroup.com\/de\/wp-json\/wp\/v2\/users\/13"}],"replies":[{"embeddable":true,"href":"https:\/\/blog.ptvgroup.com\/de\/wp-json\/wp\/v2\/comments?post=21754"}],"version-history":[{"count":12,"href":"https:\/\/blog.ptvgroup.com\/de\/wp-json\/wp\/v2\/posts\/21754\/revisions"}],"predecessor-version":[{"id":29427,"href":"https:\/\/blog.ptvgroup.com\/de\/wp-json\/wp\/v2\/posts\/21754\/revisions\/29427"}],"wp:featuredmedia":[{"embeddable":true,"href":"https:\/\/blog.ptvgroup.com\/de\/wp-json\/wp\/v2\/media\/21747"}],"wp:attachment":[{"href":"https:\/\/blog.ptvgroup.com\/de\/wp-json\/wp\/v2\/media?parent=21754"}],"wp:term":[{"taxonomy":"category","embeddable":true,"href":"https:\/\/blog.ptvgroup.com\/de\/wp-json\/wp\/v2\/categories?post=21754"},{"taxonomy":"post_tag","embeddable":true,"href":"https:\/\/blog.ptvgroup.com\/de\/wp-json\/wp\/v2\/tags?post=21754"},{"taxonomy":"author","embeddable":true,"href":"https:\/\/blog.ptvgroup.com\/de\/wp-json\/wp\/v2\/ppma_author?post=21754"}],"curies":[{"name":"wp","href":"https:\/\/api.w.org\/{rel}","templated":true}]}}